{"id":40474,"date":"2022-07-05T09:00:01","date_gmt":"2022-07-05T07:00:01","guid":{"rendered":"https:\/\/www.aligro.ch\/pages\/?p=40474"},"modified":"2022-07-12T16:14:16","modified_gmt":"2022-07-12T14:14:16","slug":"le-departement-des-achats-pilier-essentiel-daligro","status":"publish","type":"post","link":"https:\/\/www.aligro.ch\/pages\/fr\/news\/le-departement-des-achats-pilier-essentiel-daligro\/","title":{"rendered":"Le d\u00e9partement des achats, pilier essentiel d\u2019ALIGRO"},"content":{"rendered":"<div class=\"wpb-content-wrapper\"><p>[vc_row][vc_column][vc_column_text]<strong>Chaque march\u00e9 ALIGRO poss\u00e8de un assortiment de plus de 30&rsquo;000 articles, parmi lesquels plus de 2000 sont en action chaque semaine. Proposer aux clients cette offre exceptionnelle requiert un important travail de la part du service des achats, qui \u0153uvre d\u2019arrache-pied pour satisfaire les besoins des clients et leur offrir ce qu\u2019il y a de mieux. Charg\u00e9 d\u2019acheter et de n\u00e9gocier les produits afin de les proposer au meilleur rapport qualit\u00e9-prix, le secteur des achats constitue la clef de vo\u00fbte d\u2019ALIGRO.<\/strong><\/p>\n<p><strong>Garantir l\u2019offre aux meilleurs prix<\/strong><\/p>\n<p>Le d\u00e9partement des achats se subdivise en deux services : celui des produits frais (viande, poisson, fruits et l\u00e9gumes) et celui de l\u2019alimentaire, non-food et boissons (FNFB). En passant devant les bureaux occup\u00e9s par les achats, vous apercevez des collaborateurs au t\u00e9l\u00e9phone, absorb\u00e9s par l\u2019\u00e9change, affair\u00e9s, parlant avec entrain. Garantir la richesse de l\u2019assortiment et assurer la disponibilit\u00e9 des produits en tout temps aux prix les plus comp\u00e9titifs pour les clients, tels sont les objectifs principaux du d\u00e9partement des achats. Ainsi, une partie consid\u00e9rable du temps d\u2019un acheteur est consacr\u00e9e \u00e0 la n\u00e9gociation de la marchandise \u00e0 acqu\u00e9rir, de son prix, ainsi qu\u2019\u00e0 la planification des actions.<\/p>\n<p>Les responsables du service sont en charge de la d\u00e9finition et de la gestion de l\u2019assortiment en fonction des fluctuations du march\u00e9 et des demandes des clients, mais \u00e9galement de la gestion et de la fixation des prix de vente et des actions. Afin de garantir une disponibilit\u00e9 des produits sur toute la semaine, durant toute l\u2019ann\u00e9e et au meilleur rapport qualit\u00e9-prix, ils effectuent des analyses de march\u00e9 et recherchent les meilleurs arrangements avec les fournisseurs. \u00ab Nous travaillons en \u00e9troite collaboration avec nos fournisseurs, nous examinons les nouveaut\u00e9s, les prix, nous n\u00e9gocions les conditions ainsi que les quantit\u00e9s \u00bb explique Renate P\u00f6lzler, responsable des achats Food.<\/p>\n<p><strong>Riche assortiment rime avec anticipation<\/strong><\/p>\n<p>Pour garantir la disponibilit\u00e9 des articles ainsi que les meilleurs prix, une bonne planification et une bonne organisation sont n\u00e9cessaires. Les t\u00e2ches de planification de l\u2019assortiment et de commande de certains produits sont entam\u00e9es pr\u00e8s de six mois \u00e0 l\u2019avance. Il s\u2019agit d\u2019un travail d\u2019anticipation complexe, pour lequel la coordination avec les autres secteurs joue un r\u00f4le important, notamment avec le service de logistique, charg\u00e9 de g\u00e9rer les commandes et leurs quantit\u00e9s. A cela s\u2019ajoutent ensuite la d\u00e9termination des actions et les ajustements hebdomadaires.<\/p>\n<p><strong>S\u2019approvisionner en ce moment est un sacr\u00e9 d\u00e9fi<\/strong><\/p>\n<p>Les d\u00e9fis et les enjeux rencontr\u00e9s par le service des achats sont exacerb\u00e9s par les difficult\u00e9s d\u2019approvisionnement actuelles. Ainsi, pour garantir les d\u00e9lais de livraison et proposer des prix toujours aussi attractifs, une bonne planification est centrale. P\u00f6lzler souligne qu\u2019un des d\u00e9fis actuels consiste \u00e0 trouver des produits susceptibles de remplacer ceux dont la disponibilit\u00e9 est r\u00e9duite et d\u2019acqu\u00e9rir en quantit\u00e9s suffisantes certains produits rares.<\/p>\n<p>De plus, avec l\u2019augmentation du prix de l\u2019essence, les frais de transport internationaux ont explos\u00e9. Aujourd\u2019hui les prix des produits sont plus volatiles qu\u2019auparavant, ce qui implique un travail de n\u00e9gociation intensifi\u00e9 de la part des acheteurs.<\/p>\n<p><strong>Diff\u00e9rences entre Suisse romande et al\u00e9manique<\/strong><\/p>\n<p>Des diff\u00e9rences de consommation sont observ\u00e9es entre la Suisse romande et al\u00e9manique. En guise d\u2019exemples, nous pouvons mentionner que les Al\u00e9maniques consomment volontiers les bi\u00e8res locales, alors que les Romands tendent \u00e0 davantage favoriser le vin local ; ou encore que les produits comme les morilles s\u00e9ch\u00e9es, les chanterelles en bo\u00eete ou encore les tartelettes sont davantage convoit\u00e9es en Suisse romande. \u00ab Les traditions culinaires des pays voisins respectifs, \u00e0 savoir la France et l\u2019Allemagne, influent sur les habitudes de consommation \u00bb explique P\u00f6lzler. Pour satisfaire \u00e0 ces diff\u00e9rences, un travail important est mis en \u0153uvre afin de proposer, pour chaque r\u00e9gion, des produits phares qui correspondent aux besoins et aux habitudes des clients.[\/vc_column_text][\/vc_column][\/vc_row]<\/p>\n<\/div>","protected":false},"excerpt":{"rendered":"<p>[vc_row][vc_column][vc_column_text]Chaque march\u00e9 ALIGRO poss\u00e8de un assortiment de plus de 30&rsquo;000 articles, parmi lesquels plus de 2000 sont en<a class=\"moretag\" href=\"https:\/\/www.aligro.ch\/pages\/fr\/news\/le-departement-des-achats-pilier-essentiel-daligro\/\"> &#8230;<\/a><\/p>\n","protected":false},"author":9,"featured_media":40475,"comment_status":"closed","ping_status":"closed","sticky":false,"template":"","format":"standard","meta":{"_acf_changed":false,"footnotes":""},"categories":[1],"tags":[],"class_list":["post-40474","post","type-post","status-publish","format-standard","has-post-thumbnail","hentry","category-autre"],"acf":[],"yoast_head":"<!-- This site is optimized with the Yoast SEO plugin v27.4 - https:\/\/yoast.com\/product\/yoast-seo-wordpress\/ -->\n<title>Le d\u00e9partement des achats, pilier essentiel d\u2019ALIGRO<\/title>\n<meta name=\"description\" content=\"Chaque march\u00e9 ALIGRO poss\u00e8de un assortiment de plus de 30&#039;000 articles, parmi lesquels plus de 2000 sont en action chaque semaine. Charg\u00e9 d\u2019acheter et de n\u00e9gocier les produits afin de les proposer au meilleur rapport qualit\u00e9-prix, le secteur des achats est un pilier essentiel d\u2019ALIGRO.\" \/>\n<meta name=\"robots\" content=\"index, follow, max-snippet:-1, max-image-preview:large, max-video-preview:-1\" \/>\n<link rel=\"canonical\" href=\"https:\/\/www.aligro.ch\/pages\/fr\/news\/le-departement-des-achats-pilier-essentiel-daligro\/\" \/>\n<meta property=\"og:locale\" content=\"fr_FR\" \/>\n<meta property=\"og:type\" content=\"article\" \/>\n<meta property=\"og:title\" content=\"Le d\u00e9partement des achats, pilier essentiel d\u2019ALIGRO\" \/>\n<meta property=\"og:description\" content=\"Chaque march\u00e9 ALIGRO poss\u00e8de un assortiment de plus de 30&#039;000 articles, parmi lesquels plus de 2000 sont en action chaque semaine. Charg\u00e9 d\u2019acheter et de n\u00e9gocier les produits afin de les proposer au meilleur rapport qualit\u00e9-prix, le secteur des achats est un pilier essentiel d\u2019ALIGRO.\" \/>\n<meta property=\"og:url\" content=\"https:\/\/www.aligro.ch\/pages\/fr\/news\/le-departement-des-achats-pilier-essentiel-daligro\/\" \/>\n<meta property=\"og:site_name\" content=\"ALIGRO\" \/>\n<meta property=\"article:publisher\" content=\"https:\/\/fb.com\/aligrosuisse\" \/>\n<meta property=\"article:published_time\" content=\"2022-07-05T07:00:01+00:00\" \/>\n<meta property=\"article:modified_time\" content=\"2022-07-12T14:14:16+00:00\" \/>\n<meta property=\"og:image\" content=\"https:\/\/www.aligro.ch\/pages\/wp-content\/uploads\/2022\/07\/BANDEAU_Menage_007-scaled.jpg\" \/>\n\t<meta property=\"og:image:width\" content=\"2560\" \/>\n\t<meta property=\"og:image:height\" content=\"1686\" \/>\n\t<meta property=\"og:image:type\" content=\"image\/jpeg\" \/>\n<meta name=\"author\" content=\"Vincent Lavanchy\" \/>\n<meta name=\"twitter:card\" content=\"summary_large_image\" \/>\n<meta name=\"twitter:label1\" content=\"\u00c9crit par\" \/>\n\t<meta name=\"twitter:data1\" content=\"Vincent Lavanchy\" \/>\n\t<meta name=\"twitter:label2\" content=\"Dur\u00e9e de lecture estim\u00e9e\" \/>\n\t<meta name=\"twitter:data2\" content=\"4 minutes\" \/>\n<script type=\"application\/ld+json\" class=\"yoast-schema-graph\">{\"@context\":\"https:\\\/\\\/schema.org\",\"@graph\":[{\"@type\":\"Article\",\"@id\":\"https:\\\/\\\/www.aligro.ch\\\/pages\\\/fr\\\/news\\\/le-departement-des-achats-pilier-essentiel-daligro\\\/#article\",\"isPartOf\":{\"@id\":\"https:\\\/\\\/www.aligro.ch\\\/pages\\\/fr\\\/news\\\/le-departement-des-achats-pilier-essentiel-daligro\\\/\"},\"author\":{\"name\":\"Vincent Lavanchy\",\"@id\":\"https:\\\/\\\/www.aligro.ch\\\/pages\\\/#\\\/schema\\\/person\\\/abe4f4a53fec53a8dea10e43adbbe7e3\"},\"headline\":\"Le d\u00e9partement des achats, pilier essentiel d\u2019ALIGRO\",\"datePublished\":\"2022-07-05T07:00:01+00:00\",\"dateModified\":\"2022-07-12T14:14:16+00:00\",\"mainEntityOfPage\":{\"@id\":\"https:\\\/\\\/www.aligro.ch\\\/pages\\\/fr\\\/news\\\/le-departement-des-achats-pilier-essentiel-daligro\\\/\"},\"wordCount\":712,\"publisher\":{\"@id\":\"https:\\\/\\\/www.aligro.ch\\\/pages\\\/#organization\"},\"image\":{\"@id\":\"https:\\\/\\\/www.aligro.ch\\\/pages\\\/fr\\\/news\\\/le-departement-des-achats-pilier-essentiel-daligro\\\/#primaryimage\"},\"thumbnailUrl\":\"https:\\\/\\\/www.aligro.ch\\\/pages\\\/wp-content\\\/uploads\\\/2022\\\/07\\\/BANDEAU_Menage_007-scaled.jpg\",\"articleSection\":[\"Autre\"],\"inLanguage\":\"fr-FR\"},{\"@type\":\"WebPage\",\"@id\":\"https:\\\/\\\/www.aligro.ch\\\/pages\\\/fr\\\/news\\\/le-departement-des-achats-pilier-essentiel-daligro\\\/\",\"url\":\"https:\\\/\\\/www.aligro.ch\\\/pages\\\/fr\\\/news\\\/le-departement-des-achats-pilier-essentiel-daligro\\\/\",\"name\":\"Le d\u00e9partement des achats, pilier essentiel d\u2019ALIGRO\",\"isPartOf\":{\"@id\":\"https:\\\/\\\/www.aligro.ch\\\/pages\\\/#website\"},\"primaryImageOfPage\":{\"@id\":\"https:\\\/\\\/www.aligro.ch\\\/pages\\\/fr\\\/news\\\/le-departement-des-achats-pilier-essentiel-daligro\\\/#primaryimage\"},\"image\":{\"@id\":\"https:\\\/\\\/www.aligro.ch\\\/pages\\\/fr\\\/news\\\/le-departement-des-achats-pilier-essentiel-daligro\\\/#primaryimage\"},\"thumbnailUrl\":\"https:\\\/\\\/www.aligro.ch\\\/pages\\\/wp-content\\\/uploads\\\/2022\\\/07\\\/BANDEAU_Menage_007-scaled.jpg\",\"datePublished\":\"2022-07-05T07:00:01+00:00\",\"dateModified\":\"2022-07-12T14:14:16+00:00\",\"description\":\"Chaque march\u00e9 ALIGRO poss\u00e8de un assortiment de plus de 30'000 articles, parmi lesquels plus de 2000 sont en action chaque semaine. Charg\u00e9 d\u2019acheter et de n\u00e9gocier les produits afin de les proposer au meilleur rapport qualit\u00e9-prix, le secteur des achats est un pilier essentiel d\u2019ALIGRO.\",\"breadcrumb\":{\"@id\":\"https:\\\/\\\/www.aligro.ch\\\/pages\\\/fr\\\/news\\\/le-departement-des-achats-pilier-essentiel-daligro\\\/#breadcrumb\"},\"inLanguage\":\"fr-FR\",\"potentialAction\":[{\"@type\":\"ReadAction\",\"target\":[\"https:\\\/\\\/www.aligro.ch\\\/pages\\\/fr\\\/news\\\/le-departement-des-achats-pilier-essentiel-daligro\\\/\"]}]},{\"@type\":\"ImageObject\",\"inLanguage\":\"fr-FR\",\"@id\":\"https:\\\/\\\/www.aligro.ch\\\/pages\\\/fr\\\/news\\\/le-departement-des-achats-pilier-essentiel-daligro\\\/#primaryimage\",\"url\":\"https:\\\/\\\/www.aligro.ch\\\/pages\\\/wp-content\\\/uploads\\\/2022\\\/07\\\/BANDEAU_Menage_007-scaled.jpg\",\"contentUrl\":\"https:\\\/\\\/www.aligro.ch\\\/pages\\\/wp-content\\\/uploads\\\/2022\\\/07\\\/BANDEAU_Menage_007-scaled.jpg\",\"width\":1920,\"height\":1265},{\"@type\":\"BreadcrumbList\",\"@id\":\"https:\\\/\\\/www.aligro.ch\\\/pages\\\/fr\\\/news\\\/le-departement-des-achats-pilier-essentiel-daligro\\\/#breadcrumb\",\"itemListElement\":[{\"@type\":\"ListItem\",\"position\":1,\"name\":\"Accueil\",\"item\":\"https:\\\/\\\/www.aligro.ch\\\/pages\\\/de\\\/aligro-academy\\\/\"},{\"@type\":\"ListItem\",\"position\":2,\"name\":\"Le d\u00e9partement des achats, pilier essentiel d\u2019ALIGRO\"}]},{\"@type\":\"WebSite\",\"@id\":\"https:\\\/\\\/www.aligro.ch\\\/pages\\\/#website\",\"url\":\"https:\\\/\\\/www.aligro.ch\\\/pages\\\/\",\"name\":\"ALIGRO\",\"description\":\"Fra\u00eecheur. Qualit\u00e9. Inspiration.\",\"publisher\":{\"@id\":\"https:\\\/\\\/www.aligro.ch\\\/pages\\\/#organization\"},\"potentialAction\":[{\"@type\":\"SearchAction\",\"target\":{\"@type\":\"EntryPoint\",\"urlTemplate\":\"https:\\\/\\\/www.aligro.ch\\\/pages\\\/?s={search_term_string}\"},\"query-input\":{\"@type\":\"PropertyValueSpecification\",\"valueRequired\":true,\"valueName\":\"search_term_string\"}}],\"inLanguage\":\"fr-FR\"},{\"@type\":\"Organization\",\"@id\":\"https:\\\/\\\/www.aligro.ch\\\/pages\\\/#organization\",\"name\":\"ALIGRO\",\"url\":\"https:\\\/\\\/www.aligro.ch\\\/pages\\\/\",\"logo\":{\"@type\":\"ImageObject\",\"inLanguage\":\"fr-FR\",\"@id\":\"https:\\\/\\\/www.aligro.ch\\\/pages\\\/#\\\/schema\\\/logo\\\/image\\\/\",\"url\":\"https:\\\/\\\/www.aligro.ch\\\/pages\\\/wp-content\\\/uploads\\\/2018\\\/10\\\/Logo@4x.png\",\"contentUrl\":\"https:\\\/\\\/www.aligro.ch\\\/pages\\\/wp-content\\\/uploads\\\/2018\\\/10\\\/Logo@4x.png\",\"width\":1831,\"height\":228,\"caption\":\"ALIGRO\"},\"image\":{\"@id\":\"https:\\\/\\\/www.aligro.ch\\\/pages\\\/#\\\/schema\\\/logo\\\/image\\\/\"},\"sameAs\":[\"https:\\\/\\\/fb.com\\\/aligrosuisse\"]},{\"@type\":\"Person\",\"@id\":\"https:\\\/\\\/www.aligro.ch\\\/pages\\\/#\\\/schema\\\/person\\\/abe4f4a53fec53a8dea10e43adbbe7e3\",\"name\":\"Vincent Lavanchy\",\"image\":{\"@type\":\"ImageObject\",\"inLanguage\":\"fr-FR\",\"@id\":\"https:\\\/\\\/secure.gravatar.com\\\/avatar\\\/0c26d4efb7d6ae3d3acfb21cea043eed07c8459ea7780b7c5d9d73543f0c4d2e?s=96&d=mm&r=g\",\"url\":\"https:\\\/\\\/secure.gravatar.com\\\/avatar\\\/0c26d4efb7d6ae3d3acfb21cea043eed07c8459ea7780b7c5d9d73543f0c4d2e?s=96&d=mm&r=g\",\"contentUrl\":\"https:\\\/\\\/secure.gravatar.com\\\/avatar\\\/0c26d4efb7d6ae3d3acfb21cea043eed07c8459ea7780b7c5d9d73543f0c4d2e?s=96&d=mm&r=g\",\"caption\":\"Vincent Lavanchy\"}}]}<\/script>\n<!-- \/ Yoast SEO plugin. -->","yoast_head_json":{"title":"Le d\u00e9partement des achats, pilier essentiel d\u2019ALIGRO","description":"Chaque march\u00e9 ALIGRO poss\u00e8de un assortiment de plus de 30'000 articles, parmi lesquels plus de 2000 sont en action chaque semaine. Charg\u00e9 d\u2019acheter et de n\u00e9gocier les produits afin de les proposer au meilleur rapport qualit\u00e9-prix, le secteur des achats est un pilier essentiel d\u2019ALIGRO.","robots":{"index":"index","follow":"follow","max-snippet":"max-snippet:-1","max-image-preview":"max-image-preview:large","max-video-preview":"max-video-preview:-1"},"canonical":"https:\/\/www.aligro.ch\/pages\/fr\/news\/le-departement-des-achats-pilier-essentiel-daligro\/","og_locale":"fr_FR","og_type":"article","og_title":"Le d\u00e9partement des achats, pilier essentiel d\u2019ALIGRO","og_description":"Chaque march\u00e9 ALIGRO poss\u00e8de un assortiment de plus de 30'000 articles, parmi lesquels plus de 2000 sont en action chaque semaine. Charg\u00e9 d\u2019acheter et de n\u00e9gocier les produits afin de les proposer au meilleur rapport qualit\u00e9-prix, le secteur des achats est un pilier essentiel d\u2019ALIGRO.","og_url":"https:\/\/www.aligro.ch\/pages\/fr\/news\/le-departement-des-achats-pilier-essentiel-daligro\/","og_site_name":"ALIGRO","article_publisher":"https:\/\/fb.com\/aligrosuisse","article_published_time":"2022-07-05T07:00:01+00:00","article_modified_time":"2022-07-12T14:14:16+00:00","og_image":[{"width":2560,"height":1686,"url":"https:\/\/www.aligro.ch\/pages\/wp-content\/uploads\/2022\/07\/BANDEAU_Menage_007-scaled.jpg","type":"image\/jpeg"}],"author":"Vincent Lavanchy","twitter_card":"summary_large_image","twitter_misc":{"\u00c9crit par":"Vincent Lavanchy","Dur\u00e9e de lecture estim\u00e9e":"4 minutes"},"schema":{"@context":"https:\/\/schema.org","@graph":[{"@type":"Article","@id":"https:\/\/www.aligro.ch\/pages\/fr\/news\/le-departement-des-achats-pilier-essentiel-daligro\/#article","isPartOf":{"@id":"https:\/\/www.aligro.ch\/pages\/fr\/news\/le-departement-des-achats-pilier-essentiel-daligro\/"},"author":{"name":"Vincent Lavanchy","@id":"https:\/\/www.aligro.ch\/pages\/#\/schema\/person\/abe4f4a53fec53a8dea10e43adbbe7e3"},"headline":"Le d\u00e9partement des achats, pilier essentiel d\u2019ALIGRO","datePublished":"2022-07-05T07:00:01+00:00","dateModified":"2022-07-12T14:14:16+00:00","mainEntityOfPage":{"@id":"https:\/\/www.aligro.ch\/pages\/fr\/news\/le-departement-des-achats-pilier-essentiel-daligro\/"},"wordCount":712,"publisher":{"@id":"https:\/\/www.aligro.ch\/pages\/#organization"},"image":{"@id":"https:\/\/www.aligro.ch\/pages\/fr\/news\/le-departement-des-achats-pilier-essentiel-daligro\/#primaryimage"},"thumbnailUrl":"https:\/\/www.aligro.ch\/pages\/wp-content\/uploads\/2022\/07\/BANDEAU_Menage_007-scaled.jpg","articleSection":["Autre"],"inLanguage":"fr-FR"},{"@type":"WebPage","@id":"https:\/\/www.aligro.ch\/pages\/fr\/news\/le-departement-des-achats-pilier-essentiel-daligro\/","url":"https:\/\/www.aligro.ch\/pages\/fr\/news\/le-departement-des-achats-pilier-essentiel-daligro\/","name":"Le d\u00e9partement des achats, pilier essentiel d\u2019ALIGRO","isPartOf":{"@id":"https:\/\/www.aligro.ch\/pages\/#website"},"primaryImageOfPage":{"@id":"https:\/\/www.aligro.ch\/pages\/fr\/news\/le-departement-des-achats-pilier-essentiel-daligro\/#primaryimage"},"image":{"@id":"https:\/\/www.aligro.ch\/pages\/fr\/news\/le-departement-des-achats-pilier-essentiel-daligro\/#primaryimage"},"thumbnailUrl":"https:\/\/www.aligro.ch\/pages\/wp-content\/uploads\/2022\/07\/BANDEAU_Menage_007-scaled.jpg","datePublished":"2022-07-05T07:00:01+00:00","dateModified":"2022-07-12T14:14:16+00:00","description":"Chaque march\u00e9 ALIGRO poss\u00e8de un assortiment de plus de 30'000 articles, parmi lesquels plus de 2000 sont en action chaque semaine. Charg\u00e9 d\u2019acheter et de n\u00e9gocier les produits afin de les proposer au meilleur rapport qualit\u00e9-prix, le secteur des achats est un pilier essentiel d\u2019ALIGRO.","breadcrumb":{"@id":"https:\/\/www.aligro.ch\/pages\/fr\/news\/le-departement-des-achats-pilier-essentiel-daligro\/#breadcrumb"},"inLanguage":"fr-FR","potentialAction":[{"@type":"ReadAction","target":["https:\/\/www.aligro.ch\/pages\/fr\/news\/le-departement-des-achats-pilier-essentiel-daligro\/"]}]},{"@type":"ImageObject","inLanguage":"fr-FR","@id":"https:\/\/www.aligro.ch\/pages\/fr\/news\/le-departement-des-achats-pilier-essentiel-daligro\/#primaryimage","url":"https:\/\/www.aligro.ch\/pages\/wp-content\/uploads\/2022\/07\/BANDEAU_Menage_007-scaled.jpg","contentUrl":"https:\/\/www.aligro.ch\/pages\/wp-content\/uploads\/2022\/07\/BANDEAU_Menage_007-scaled.jpg","width":1920,"height":1265},{"@type":"BreadcrumbList","@id":"https:\/\/www.aligro.ch\/pages\/fr\/news\/le-departement-des-achats-pilier-essentiel-daligro\/#breadcrumb","itemListElement":[{"@type":"ListItem","position":1,"name":"Accueil","item":"https:\/\/www.aligro.ch\/pages\/de\/aligro-academy\/"},{"@type":"ListItem","position":2,"name":"Le d\u00e9partement des achats, pilier essentiel d\u2019ALIGRO"}]},{"@type":"WebSite","@id":"https:\/\/www.aligro.ch\/pages\/#website","url":"https:\/\/www.aligro.ch\/pages\/","name":"ALIGRO","description":"Fra\u00eecheur. Qualit\u00e9. Inspiration.","publisher":{"@id":"https:\/\/www.aligro.ch\/pages\/#organization"},"potentialAction":[{"@type":"SearchAction","target":{"@type":"EntryPoint","urlTemplate":"https:\/\/www.aligro.ch\/pages\/?s={search_term_string}"},"query-input":{"@type":"PropertyValueSpecification","valueRequired":true,"valueName":"search_term_string"}}],"inLanguage":"fr-FR"},{"@type":"Organization","@id":"https:\/\/www.aligro.ch\/pages\/#organization","name":"ALIGRO","url":"https:\/\/www.aligro.ch\/pages\/","logo":{"@type":"ImageObject","inLanguage":"fr-FR","@id":"https:\/\/www.aligro.ch\/pages\/#\/schema\/logo\/image\/","url":"https:\/\/www.aligro.ch\/pages\/wp-content\/uploads\/2018\/10\/Logo@4x.png","contentUrl":"https:\/\/www.aligro.ch\/pages\/wp-content\/uploads\/2018\/10\/Logo@4x.png","width":1831,"height":228,"caption":"ALIGRO"},"image":{"@id":"https:\/\/www.aligro.ch\/pages\/#\/schema\/logo\/image\/"},"sameAs":["https:\/\/fb.com\/aligrosuisse"]},{"@type":"Person","@id":"https:\/\/www.aligro.ch\/pages\/#\/schema\/person\/abe4f4a53fec53a8dea10e43adbbe7e3","name":"Vincent Lavanchy","image":{"@type":"ImageObject","inLanguage":"fr-FR","@id":"https:\/\/secure.gravatar.com\/avatar\/0c26d4efb7d6ae3d3acfb21cea043eed07c8459ea7780b7c5d9d73543f0c4d2e?s=96&d=mm&r=g","url":"https:\/\/secure.gravatar.com\/avatar\/0c26d4efb7d6ae3d3acfb21cea043eed07c8459ea7780b7c5d9d73543f0c4d2e?s=96&d=mm&r=g","contentUrl":"https:\/\/secure.gravatar.com\/avatar\/0c26d4efb7d6ae3d3acfb21cea043eed07c8459ea7780b7c5d9d73543f0c4d2e?s=96&d=mm&r=g","caption":"Vincent Lavanchy"}}]}},"_links":{"self":[{"href":"https:\/\/www.aligro.ch\/pages\/wp-json\/wp\/v2\/posts\/40474","targetHints":{"allow":["GET"]}}],"collection":[{"href":"https:\/\/www.aligro.ch\/pages\/wp-json\/wp\/v2\/posts"}],"about":[{"href":"https:\/\/www.aligro.ch\/pages\/wp-json\/wp\/v2\/types\/post"}],"author":[{"embeddable":true,"href":"https:\/\/www.aligro.ch\/pages\/wp-json\/wp\/v2\/users\/9"}],"replies":[{"embeddable":true,"href":"https:\/\/www.aligro.ch\/pages\/wp-json\/wp\/v2\/comments?post=40474"}],"version-history":[{"count":5,"href":"https:\/\/www.aligro.ch\/pages\/wp-json\/wp\/v2\/posts\/40474\/revisions"}],"predecessor-version":[{"id":40621,"href":"https:\/\/www.aligro.ch\/pages\/wp-json\/wp\/v2\/posts\/40474\/revisions\/40621"}],"wp:featuredmedia":[{"embeddable":true,"href":"https:\/\/www.aligro.ch\/pages\/wp-json\/wp\/v2\/media\/40475"}],"wp:attachment":[{"href":"https:\/\/www.aligro.ch\/pages\/wp-json\/wp\/v2\/media?parent=40474"}],"wp:term":[{"taxonomy":"category","embeddable":true,"href":"https:\/\/www.aligro.ch\/pages\/wp-json\/wp\/v2\/categories?post=40474"},{"taxonomy":"post_tag","embeddable":true,"href":"https:\/\/www.aligro.ch\/pages\/wp-json\/wp\/v2\/tags?post=40474"}],"curies":[{"name":"wp","href":"https:\/\/api.w.org\/{rel}","templated":true}]}}