{"id":35885,"date":"2021-11-18T15:00:30","date_gmt":"2021-11-18T14:00:30","guid":{"rendered":"https:\/\/www.aligro.ch\/pages\/?p=35885"},"modified":"2021-11-18T14:51:41","modified_gmt":"2021-11-18T13:51:41","slug":"wo-regionale-weine-auf-exzellente-lagen-aus-der-ganzen-welt-treffen","status":"publish","type":"post","link":"https:\/\/www.aligro.ch\/pages\/de\/news\/wo-regionale-weine-auf-exzellente-lagen-aus-der-ganzen-welt-treffen\/","title":{"rendered":"Wo regionale Weine auf exzellente Lagen aus der ganzen Welt treffen"},"content":{"rendered":"<div class=\"wpb-content-wrapper\"><p>[vc_row][vc_column][vc_column_text]Um \u00fcber Wein zu sprechen, nehmen wir Sie mit ins Wallis. Wussten Sie, dass dieser Kanton fast ein Drittel der schweizerischen Weinberge beherbergt? Hier wachsen die \u00e4ltesten Rebsorten Europas und man findet die h\u00f6chsten Weinberge, die oft auf Terrassen angelegt sind.<\/p>\n<p>Seit seiner Er\u00f6ffnung im Jahr 2005 widerspiegelt der Weinkeller des ALIGRO-Marktes in Sitten die Tradition und den Stolz des Walliser Weinbaus. Rund 25 lokale Weinkellereien sind hier vertreten und bieten insgesamt fast 120 Weine aus der Region an: Sie sind in den Regalen dank der Etiketten mit der Flagge mit den 13 Sternen leicht zu erkennen. Fendant, D\u00f4le, Gamay, Syrah &#8211; egal welcher Wein, fast alle Rebsorten des Wallis sind im Angebot vertreten.<\/p>\n<p>\u00ab\u00a0Es stimmt: Unser Sortiment an Weinen aus der Region ist sehr gross. Das ist so wegen der grossen Nachfrage unserer Kunden, sei es bei Weiss-, Ros\u00e9- oder Rotweinen. Wir f\u00fchren aber auch Weine aus anderen Regionen und aus der ganzen Welt\u00bb, erkl\u00e4rt Miguel Araujo, Bereichsleiter Wein im ALIGRO-Markt Sion.<\/p>\n<p>Miguel Araujo war siebzehn Jahre lang Sommelier. Er erl\u00e4utert, in seinem Angebot finde man auch viele portugiesische Weine, da diese sehr gefragt sind. Der Weinkeller bietet aber auch eine grosse Zahl an spanischen, italienischen, franz\u00f6sischen oder s\u00fcdamerikanischen Weinen an.<\/p>\n<p>Bei ALIGRO passen die einzelnen M\u00e4rkte ihr Sortiment den W\u00fcnschen und Bed\u00fcrfnissen ihrer Kunden an. In Sitten zum Beispiel sind die Walliser bodenst\u00e4ndig \u2013 und wenn sie sich f\u00fcr einen Schweizer Wein entscheiden, muss es nat\u00fcrlich ein Walliser sein!<\/p>\n<p>Die Weinkeller von ALIGRO umfassen etwa 1000 Rot-, Weiss- und Ros\u00e9weine sowie 200 Champagner und Schaumweine, die im Karton oder flaschenweise erh\u00e4ltlich sind. Zudem gibt es ungef\u00e4hr 700 Spirituosen, die ein umfassendes und hochqualitatives Sortiment bilden.<\/p>\n<p>Informieren Sie sich \u00fcber unsere aktuellen Aktionen aus dem Bereich Weine und Champagner. Nutzen Sie bei Ihrem Besuch die Beratung durch unsere Kellermeister, die Ihnen mit Leidenschaft von der Pers\u00f6nlichkeit jedes einzelnen Weins erz\u00e4hlen.[\/vc_column_text][vc_column_text]<\/p>\n<p style=\"text-align: center; margin-top: 2em;\"><a class=\"CTAbtn\" href=\"https:\/\/www.aligro.ch\/de\/aktionen\/5-weine\">ZU DEN AKTIONEN DIESER WOCHE<\/a><\/p>\n<p>[\/vc_column_text][\/vc_column][\/vc_row]<\/p>\n<\/div>","protected":false},"excerpt":{"rendered":"<p>[vc_row][vc_column][vc_column_text]Um \u00fcber Wein zu sprechen, nehmen wir Sie mit ins Wallis. Wussten Sie, dass dieser Kanton fast ein<a class=\"moretag\" href=\"https:\/\/www.aligro.ch\/pages\/de\/news\/wo-regionale-weine-auf-exzellente-lagen-aus-der-ganzen-welt-treffen\/\"> &#8230;<\/a><\/p>\n","protected":false},"author":7,"featured_media":35882,"comment_status":"closed","ping_status":"closed","sticky":false,"template":"","format":"standard","meta":{"_acf_changed":false,"footnotes":""},"categories":[7],"tags":[],"class_list":["post-35885","post","type-post","status-publish","format-standard","has-post-thumbnail","hentry","category-andere"],"acf":[],"yoast_head":"<!-- This site is optimized with the Yoast SEO plugin v27.4 - https:\/\/yoast.com\/product\/yoast-seo-wordpress\/ -->\n<title>Wo regionale Weine auf exzellente Lagen aus der ganzen Welt treffen<\/title>\n<meta name=\"description\" content=\"Um \u00fcber Wein zu sprechen, nehmen wir Sie mit ins Wallis. Wussten Sie, dass dieser Kanton fast ein Drittel der schweizerischen Weinberge beherbergt? Hier wachsen die \u00e4ltesten Rebsorten Europas und man findet die h\u00f6chsten Weinberge, die oft auf Terrassen angelegt sind.\" \/>\n<meta name=\"robots\" content=\"index, follow, max-snippet:-1, max-image-preview:large, max-video-preview:-1\" \/>\n<link rel=\"canonical\" href=\"https:\/\/www.aligro.ch\/pages\/de\/news\/wo-regionale-weine-auf-exzellente-lagen-aus-der-ganzen-welt-treffen\/\" \/>\n<meta property=\"og:locale\" content=\"fr_FR\" \/>\n<meta property=\"og:type\" content=\"article\" \/>\n<meta property=\"og:title\" content=\"Wo regionale Weine auf exzellente Lagen aus der ganzen Welt treffen\" \/>\n<meta property=\"og:description\" content=\"Um \u00fcber Wein zu sprechen, nehmen wir Sie mit ins Wallis. Wussten Sie, dass dieser Kanton fast ein Drittel der schweizerischen Weinberge beherbergt? Hier wachsen die \u00e4ltesten Rebsorten Europas und man findet die h\u00f6chsten Weinberge, die oft auf Terrassen angelegt sind.\" \/>\n<meta property=\"og:url\" content=\"https:\/\/www.aligro.ch\/pages\/de\/news\/wo-regionale-weine-auf-exzellente-lagen-aus-der-ganzen-welt-treffen\/\" \/>\n<meta property=\"og:site_name\" content=\"ALIGRO\" \/>\n<meta property=\"article:publisher\" content=\"https:\/\/fb.com\/aligrosuisse\" \/>\n<meta property=\"article:published_time\" content=\"2021-11-18T14:00:30+00:00\" \/>\n<meta property=\"og:image\" content=\"https:\/\/www.aligro.ch\/pages\/wp-content\/uploads\/2021\/11\/cellier-sion-cover.jpg\" \/>\n\t<meta property=\"og:image:width\" content=\"1920\" \/>\n\t<meta property=\"og:image:height\" content=\"1280\" \/>\n\t<meta property=\"og:image:type\" content=\"image\/jpeg\" \/>\n<meta name=\"author\" content=\"Bryan.Dubuis\" \/>\n<meta name=\"twitter:card\" content=\"summary_large_image\" \/>\n<meta name=\"twitter:label1\" content=\"\u00c9crit par\" \/>\n\t<meta name=\"twitter:data1\" content=\"Bryan.Dubuis\" \/>\n\t<meta name=\"twitter:label2\" content=\"Dur\u00e9e de lecture estim\u00e9e\" \/>\n\t<meta name=\"twitter:data2\" content=\"2 minutes\" \/>\n<script type=\"application\/ld+json\" class=\"yoast-schema-graph\">{\"@context\":\"https:\\\/\\\/schema.org\",\"@graph\":[{\"@type\":\"Article\",\"@id\":\"https:\\\/\\\/www.aligro.ch\\\/pages\\\/de\\\/news\\\/wo-regionale-weine-auf-exzellente-lagen-aus-der-ganzen-welt-treffen\\\/#article\",\"isPartOf\":{\"@id\":\"https:\\\/\\\/www.aligro.ch\\\/pages\\\/de\\\/news\\\/wo-regionale-weine-auf-exzellente-lagen-aus-der-ganzen-welt-treffen\\\/\"},\"author\":{\"name\":\"Bryan.Dubuis\",\"@id\":\"https:\\\/\\\/www.aligro.ch\\\/pages\\\/#\\\/schema\\\/person\\\/777e796cd5f5445dc18658f0b9f9f016\"},\"headline\":\"Wo regionale Weine auf exzellente Lagen aus der ganzen Welt treffen\",\"datePublished\":\"2021-11-18T14:00:30+00:00\",\"mainEntityOfPage\":{\"@id\":\"https:\\\/\\\/www.aligro.ch\\\/pages\\\/de\\\/news\\\/wo-regionale-weine-auf-exzellente-lagen-aus-der-ganzen-welt-treffen\\\/\"},\"wordCount\":359,\"publisher\":{\"@id\":\"https:\\\/\\\/www.aligro.ch\\\/pages\\\/#organization\"},\"image\":{\"@id\":\"https:\\\/\\\/www.aligro.ch\\\/pages\\\/de\\\/news\\\/wo-regionale-weine-auf-exzellente-lagen-aus-der-ganzen-welt-treffen\\\/#primaryimage\"},\"thumbnailUrl\":\"https:\\\/\\\/www.aligro.ch\\\/pages\\\/wp-content\\\/uploads\\\/2021\\\/11\\\/cellier-sion-cover.jpg\",\"articleSection\":[\"Andere\"],\"inLanguage\":\"fr-FR\"},{\"@type\":\"WebPage\",\"@id\":\"https:\\\/\\\/www.aligro.ch\\\/pages\\\/de\\\/news\\\/wo-regionale-weine-auf-exzellente-lagen-aus-der-ganzen-welt-treffen\\\/\",\"url\":\"https:\\\/\\\/www.aligro.ch\\\/pages\\\/de\\\/news\\\/wo-regionale-weine-auf-exzellente-lagen-aus-der-ganzen-welt-treffen\\\/\",\"name\":\"Wo regionale Weine auf exzellente Lagen aus der ganzen Welt treffen\",\"isPartOf\":{\"@id\":\"https:\\\/\\\/www.aligro.ch\\\/pages\\\/#website\"},\"primaryImageOfPage\":{\"@id\":\"https:\\\/\\\/www.aligro.ch\\\/pages\\\/de\\\/news\\\/wo-regionale-weine-auf-exzellente-lagen-aus-der-ganzen-welt-treffen\\\/#primaryimage\"},\"image\":{\"@id\":\"https:\\\/\\\/www.aligro.ch\\\/pages\\\/de\\\/news\\\/wo-regionale-weine-auf-exzellente-lagen-aus-der-ganzen-welt-treffen\\\/#primaryimage\"},\"thumbnailUrl\":\"https:\\\/\\\/www.aligro.ch\\\/pages\\\/wp-content\\\/uploads\\\/2021\\\/11\\\/cellier-sion-cover.jpg\",\"datePublished\":\"2021-11-18T14:00:30+00:00\",\"description\":\"Um \u00fcber Wein zu sprechen, nehmen wir Sie mit ins Wallis. Wussten Sie, dass dieser Kanton fast ein Drittel der schweizerischen Weinberge beherbergt? Hier wachsen die \u00e4ltesten Rebsorten Europas und man findet die h\u00f6chsten Weinberge, die oft auf Terrassen angelegt sind.\",\"breadcrumb\":{\"@id\":\"https:\\\/\\\/www.aligro.ch\\\/pages\\\/de\\\/news\\\/wo-regionale-weine-auf-exzellente-lagen-aus-der-ganzen-welt-treffen\\\/#breadcrumb\"},\"inLanguage\":\"fr-FR\",\"potentialAction\":[{\"@type\":\"ReadAction\",\"target\":[\"https:\\\/\\\/www.aligro.ch\\\/pages\\\/de\\\/news\\\/wo-regionale-weine-auf-exzellente-lagen-aus-der-ganzen-welt-treffen\\\/\"]}]},{\"@type\":\"ImageObject\",\"inLanguage\":\"fr-FR\",\"@id\":\"https:\\\/\\\/www.aligro.ch\\\/pages\\\/de\\\/news\\\/wo-regionale-weine-auf-exzellente-lagen-aus-der-ganzen-welt-treffen\\\/#primaryimage\",\"url\":\"https:\\\/\\\/www.aligro.ch\\\/pages\\\/wp-content\\\/uploads\\\/2021\\\/11\\\/cellier-sion-cover.jpg\",\"contentUrl\":\"https:\\\/\\\/www.aligro.ch\\\/pages\\\/wp-content\\\/uploads\\\/2021\\\/11\\\/cellier-sion-cover.jpg\",\"width\":1920,\"height\":1280},{\"@type\":\"BreadcrumbList\",\"@id\":\"https:\\\/\\\/www.aligro.ch\\\/pages\\\/de\\\/news\\\/wo-regionale-weine-auf-exzellente-lagen-aus-der-ganzen-welt-treffen\\\/#breadcrumb\",\"itemListElement\":[{\"@type\":\"ListItem\",\"position\":1,\"name\":\"Accueil\",\"item\":\"https:\\\/\\\/www.aligro.ch\\\/pages\\\/de\\\/aligro-academy\\\/\"},{\"@type\":\"ListItem\",\"position\":2,\"name\":\"Wo regionale Weine auf exzellente Lagen aus der ganzen Welt treffen\"}]},{\"@type\":\"WebSite\",\"@id\":\"https:\\\/\\\/www.aligro.ch\\\/pages\\\/#website\",\"url\":\"https:\\\/\\\/www.aligro.ch\\\/pages\\\/\",\"name\":\"ALIGRO\",\"description\":\"Fra\u00eecheur. Qualit\u00e9. Inspiration.\",\"publisher\":{\"@id\":\"https:\\\/\\\/www.aligro.ch\\\/pages\\\/#organization\"},\"potentialAction\":[{\"@type\":\"SearchAction\",\"target\":{\"@type\":\"EntryPoint\",\"urlTemplate\":\"https:\\\/\\\/www.aligro.ch\\\/pages\\\/?s={search_term_string}\"},\"query-input\":{\"@type\":\"PropertyValueSpecification\",\"valueRequired\":true,\"valueName\":\"search_term_string\"}}],\"inLanguage\":\"fr-FR\"},{\"@type\":\"Organization\",\"@id\":\"https:\\\/\\\/www.aligro.ch\\\/pages\\\/#organization\",\"name\":\"ALIGRO\",\"url\":\"https:\\\/\\\/www.aligro.ch\\\/pages\\\/\",\"logo\":{\"@type\":\"ImageObject\",\"inLanguage\":\"fr-FR\",\"@id\":\"https:\\\/\\\/www.aligro.ch\\\/pages\\\/#\\\/schema\\\/logo\\\/image\\\/\",\"url\":\"https:\\\/\\\/www.aligro.ch\\\/pages\\\/wp-content\\\/uploads\\\/2018\\\/10\\\/Logo@4x.png\",\"contentUrl\":\"https:\\\/\\\/www.aligro.ch\\\/pages\\\/wp-content\\\/uploads\\\/2018\\\/10\\\/Logo@4x.png\",\"width\":1831,\"height\":228,\"caption\":\"ALIGRO\"},\"image\":{\"@id\":\"https:\\\/\\\/www.aligro.ch\\\/pages\\\/#\\\/schema\\\/logo\\\/image\\\/\"},\"sameAs\":[\"https:\\\/\\\/fb.com\\\/aligrosuisse\"]},{\"@type\":\"Person\",\"@id\":\"https:\\\/\\\/www.aligro.ch\\\/pages\\\/#\\\/schema\\\/person\\\/777e796cd5f5445dc18658f0b9f9f016\",\"name\":\"Bryan.Dubuis\",\"image\":{\"@type\":\"ImageObject\",\"inLanguage\":\"fr-FR\",\"@id\":\"https:\\\/\\\/secure.gravatar.com\\\/avatar\\\/f25783eb6169c6f454c439b71266b12b0da0dcb30459ac01a1686f93320329e5?s=96&d=mm&r=g\",\"url\":\"https:\\\/\\\/secure.gravatar.com\\\/avatar\\\/f25783eb6169c6f454c439b71266b12b0da0dcb30459ac01a1686f93320329e5?s=96&d=mm&r=g\",\"contentUrl\":\"https:\\\/\\\/secure.gravatar.com\\\/avatar\\\/f25783eb6169c6f454c439b71266b12b0da0dcb30459ac01a1686f93320329e5?s=96&d=mm&r=g\",\"caption\":\"Bryan.Dubuis\"}}]}<\/script>\n<!-- \/ Yoast SEO plugin. -->","yoast_head_json":{"title":"Wo regionale Weine auf exzellente Lagen aus der ganzen Welt treffen","description":"Um \u00fcber Wein zu sprechen, nehmen wir Sie mit ins Wallis. Wussten Sie, dass dieser Kanton fast ein Drittel der schweizerischen Weinberge beherbergt? Hier wachsen die \u00e4ltesten Rebsorten Europas und man findet die h\u00f6chsten Weinberge, die oft auf Terrassen angelegt sind.","robots":{"index":"index","follow":"follow","max-snippet":"max-snippet:-1","max-image-preview":"max-image-preview:large","max-video-preview":"max-video-preview:-1"},"canonical":"https:\/\/www.aligro.ch\/pages\/de\/news\/wo-regionale-weine-auf-exzellente-lagen-aus-der-ganzen-welt-treffen\/","og_locale":"fr_FR","og_type":"article","og_title":"Wo regionale Weine auf exzellente Lagen aus der ganzen Welt treffen","og_description":"Um \u00fcber Wein zu sprechen, nehmen wir Sie mit ins Wallis. Wussten Sie, dass dieser Kanton fast ein Drittel der schweizerischen Weinberge beherbergt? Hier wachsen die \u00e4ltesten Rebsorten Europas und man findet die h\u00f6chsten Weinberge, die oft auf Terrassen angelegt sind.","og_url":"https:\/\/www.aligro.ch\/pages\/de\/news\/wo-regionale-weine-auf-exzellente-lagen-aus-der-ganzen-welt-treffen\/","og_site_name":"ALIGRO","article_publisher":"https:\/\/fb.com\/aligrosuisse","article_published_time":"2021-11-18T14:00:30+00:00","og_image":[{"width":1920,"height":1280,"url":"https:\/\/www.aligro.ch\/pages\/wp-content\/uploads\/2021\/11\/cellier-sion-cover.jpg","type":"image\/jpeg"}],"author":"Bryan.Dubuis","twitter_card":"summary_large_image","twitter_misc":{"\u00c9crit par":"Bryan.Dubuis","Dur\u00e9e de lecture estim\u00e9e":"2 minutes"},"schema":{"@context":"https:\/\/schema.org","@graph":[{"@type":"Article","@id":"https:\/\/www.aligro.ch\/pages\/de\/news\/wo-regionale-weine-auf-exzellente-lagen-aus-der-ganzen-welt-treffen\/#article","isPartOf":{"@id":"https:\/\/www.aligro.ch\/pages\/de\/news\/wo-regionale-weine-auf-exzellente-lagen-aus-der-ganzen-welt-treffen\/"},"author":{"name":"Bryan.Dubuis","@id":"https:\/\/www.aligro.ch\/pages\/#\/schema\/person\/777e796cd5f5445dc18658f0b9f9f016"},"headline":"Wo regionale Weine auf exzellente Lagen aus der ganzen Welt treffen","datePublished":"2021-11-18T14:00:30+00:00","mainEntityOfPage":{"@id":"https:\/\/www.aligro.ch\/pages\/de\/news\/wo-regionale-weine-auf-exzellente-lagen-aus-der-ganzen-welt-treffen\/"},"wordCount":359,"publisher":{"@id":"https:\/\/www.aligro.ch\/pages\/#organization"},"image":{"@id":"https:\/\/www.aligro.ch\/pages\/de\/news\/wo-regionale-weine-auf-exzellente-lagen-aus-der-ganzen-welt-treffen\/#primaryimage"},"thumbnailUrl":"https:\/\/www.aligro.ch\/pages\/wp-content\/uploads\/2021\/11\/cellier-sion-cover.jpg","articleSection":["Andere"],"inLanguage":"fr-FR"},{"@type":"WebPage","@id":"https:\/\/www.aligro.ch\/pages\/de\/news\/wo-regionale-weine-auf-exzellente-lagen-aus-der-ganzen-welt-treffen\/","url":"https:\/\/www.aligro.ch\/pages\/de\/news\/wo-regionale-weine-auf-exzellente-lagen-aus-der-ganzen-welt-treffen\/","name":"Wo regionale Weine auf exzellente Lagen aus der ganzen Welt treffen","isPartOf":{"@id":"https:\/\/www.aligro.ch\/pages\/#website"},"primaryImageOfPage":{"@id":"https:\/\/www.aligro.ch\/pages\/de\/news\/wo-regionale-weine-auf-exzellente-lagen-aus-der-ganzen-welt-treffen\/#primaryimage"},"image":{"@id":"https:\/\/www.aligro.ch\/pages\/de\/news\/wo-regionale-weine-auf-exzellente-lagen-aus-der-ganzen-welt-treffen\/#primaryimage"},"thumbnailUrl":"https:\/\/www.aligro.ch\/pages\/wp-content\/uploads\/2021\/11\/cellier-sion-cover.jpg","datePublished":"2021-11-18T14:00:30+00:00","description":"Um \u00fcber Wein zu sprechen, nehmen wir Sie mit ins Wallis. Wussten Sie, dass dieser Kanton fast ein Drittel der schweizerischen Weinberge beherbergt? Hier wachsen die \u00e4ltesten Rebsorten Europas und man findet die h\u00f6chsten Weinberge, die oft auf Terrassen angelegt sind.","breadcrumb":{"@id":"https:\/\/www.aligro.ch\/pages\/de\/news\/wo-regionale-weine-auf-exzellente-lagen-aus-der-ganzen-welt-treffen\/#breadcrumb"},"inLanguage":"fr-FR","potentialAction":[{"@type":"ReadAction","target":["https:\/\/www.aligro.ch\/pages\/de\/news\/wo-regionale-weine-auf-exzellente-lagen-aus-der-ganzen-welt-treffen\/"]}]},{"@type":"ImageObject","inLanguage":"fr-FR","@id":"https:\/\/www.aligro.ch\/pages\/de\/news\/wo-regionale-weine-auf-exzellente-lagen-aus-der-ganzen-welt-treffen\/#primaryimage","url":"https:\/\/www.aligro.ch\/pages\/wp-content\/uploads\/2021\/11\/cellier-sion-cover.jpg","contentUrl":"https:\/\/www.aligro.ch\/pages\/wp-content\/uploads\/2021\/11\/cellier-sion-cover.jpg","width":1920,"height":1280},{"@type":"BreadcrumbList","@id":"https:\/\/www.aligro.ch\/pages\/de\/news\/wo-regionale-weine-auf-exzellente-lagen-aus-der-ganzen-welt-treffen\/#breadcrumb","itemListElement":[{"@type":"ListItem","position":1,"name":"Accueil","item":"https:\/\/www.aligro.ch\/pages\/de\/aligro-academy\/"},{"@type":"ListItem","position":2,"name":"Wo regionale Weine auf exzellente Lagen aus der ganzen Welt treffen"}]},{"@type":"WebSite","@id":"https:\/\/www.aligro.ch\/pages\/#website","url":"https:\/\/www.aligro.ch\/pages\/","name":"ALIGRO","description":"Fra\u00eecheur. Qualit\u00e9. Inspiration.","publisher":{"@id":"https:\/\/www.aligro.ch\/pages\/#organization"},"potentialAction":[{"@type":"SearchAction","target":{"@type":"EntryPoint","urlTemplate":"https:\/\/www.aligro.ch\/pages\/?s={search_term_string}"},"query-input":{"@type":"PropertyValueSpecification","valueRequired":true,"valueName":"search_term_string"}}],"inLanguage":"fr-FR"},{"@type":"Organization","@id":"https:\/\/www.aligro.ch\/pages\/#organization","name":"ALIGRO","url":"https:\/\/www.aligro.ch\/pages\/","logo":{"@type":"ImageObject","inLanguage":"fr-FR","@id":"https:\/\/www.aligro.ch\/pages\/#\/schema\/logo\/image\/","url":"https:\/\/www.aligro.ch\/pages\/wp-content\/uploads\/2018\/10\/Logo@4x.png","contentUrl":"https:\/\/www.aligro.ch\/pages\/wp-content\/uploads\/2018\/10\/Logo@4x.png","width":1831,"height":228,"caption":"ALIGRO"},"image":{"@id":"https:\/\/www.aligro.ch\/pages\/#\/schema\/logo\/image\/"},"sameAs":["https:\/\/fb.com\/aligrosuisse"]},{"@type":"Person","@id":"https:\/\/www.aligro.ch\/pages\/#\/schema\/person\/777e796cd5f5445dc18658f0b9f9f016","name":"Bryan.Dubuis","image":{"@type":"ImageObject","inLanguage":"fr-FR","@id":"https:\/\/secure.gravatar.com\/avatar\/f25783eb6169c6f454c439b71266b12b0da0dcb30459ac01a1686f93320329e5?s=96&d=mm&r=g","url":"https:\/\/secure.gravatar.com\/avatar\/f25783eb6169c6f454c439b71266b12b0da0dcb30459ac01a1686f93320329e5?s=96&d=mm&r=g","contentUrl":"https:\/\/secure.gravatar.com\/avatar\/f25783eb6169c6f454c439b71266b12b0da0dcb30459ac01a1686f93320329e5?s=96&d=mm&r=g","caption":"Bryan.Dubuis"}}]}},"_links":{"self":[{"href":"https:\/\/www.aligro.ch\/pages\/wp-json\/wp\/v2\/posts\/35885","targetHints":{"allow":["GET"]}}],"collection":[{"href":"https:\/\/www.aligro.ch\/pages\/wp-json\/wp\/v2\/posts"}],"about":[{"href":"https:\/\/www.aligro.ch\/pages\/wp-json\/wp\/v2\/types\/post"}],"author":[{"embeddable":true,"href":"https:\/\/www.aligro.ch\/pages\/wp-json\/wp\/v2\/users\/7"}],"replies":[{"embeddable":true,"href":"https:\/\/www.aligro.ch\/pages\/wp-json\/wp\/v2\/comments?post=35885"}],"version-history":[{"count":1,"href":"https:\/\/www.aligro.ch\/pages\/wp-json\/wp\/v2\/posts\/35885\/revisions"}],"predecessor-version":[{"id":35886,"href":"https:\/\/www.aligro.ch\/pages\/wp-json\/wp\/v2\/posts\/35885\/revisions\/35886"}],"wp:featuredmedia":[{"embeddable":true,"href":"https:\/\/www.aligro.ch\/pages\/wp-json\/wp\/v2\/media\/35882"}],"wp:attachment":[{"href":"https:\/\/www.aligro.ch\/pages\/wp-json\/wp\/v2\/media?parent=35885"}],"wp:term":[{"taxonomy":"category","embeddable":true,"href":"https:\/\/www.aligro.ch\/pages\/wp-json\/wp\/v2\/categories?post=35885"},{"taxonomy":"post_tag","embeddable":true,"href":"https:\/\/www.aligro.ch\/pages\/wp-json\/wp\/v2\/tags?post=35885"}],"curies":[{"name":"wp","href":"https:\/\/api.w.org\/{rel}","templated":true}]}}