{"id":35881,"date":"2021-11-18T15:00:37","date_gmt":"2021-11-18T14:00:37","guid":{"rendered":"https:\/\/www.aligro.ch\/pages\/?p=35881"},"modified":"2021-11-18T14:51:34","modified_gmt":"2021-11-18T13:51:34","slug":"lendroit-ou-les-vins-regionaux-cotoient-les-crus-du-bout-du-monde","status":"publish","type":"post","link":"https:\/\/www.aligro.ch\/pages\/fr\/news\/lendroit-ou-les-vins-regionaux-cotoient-les-crus-du-bout-du-monde\/","title":{"rendered":"L\u2019endroit o\u00f9 les vins r\u00e9gionaux c\u00f4toient les crus du bout du monde"},"content":{"rendered":"<div class=\"wpb-content-wrapper\"><p>[vc_row][vc_column][vc_column_text]Pour parler de vin, nous vous emmenons en Valais. Saviez-vous que ce canton abrite pr\u00e8s d\u2019un tiers du vignoble helv\u00e9tique\u00a0? Il compte les c\u00e9pages les plus vieux et les vignes, souvent en terrasse, les plus hautes d\u2019Europe.<\/p>\n<p>Depuis son ouverture en 2005, le cellier du march\u00e9 ALIGRO \u00e0 Sion refl\u00e8te la tradition et la fiert\u00e9 viticole valaisanne. Environ 25 caves locales y sont repr\u00e9sent\u00e9es, pour un total de pr\u00e8s de 120 vins du cru, facilement identifiables dans les rayons gr\u00e2ce aux \u00e9tiquettes arborant le drapeau aux 13 \u00e9toiles. Fendant, D\u00f4le, Gamay, Syrah, quelle que soit la vari\u00e9t\u00e9, quasiment tous les c\u00e9pages du Valais sont pr\u00e9sents dans l\u2019assortiment.<\/p>\n<p>\u00ab Il est vrai que notre assortiment de vins de la r\u00e9gion est tr\u00e8s cons\u00e9quent. Cela correspond \u00e0 la forte demande de notre client\u00e8le, que ce soit dans les blancs, les ros\u00e9s ou les rouges. Nous proposons aussi des vins d\u2019autres r\u00e9gions et du monde entier \u00bb, explique Miguel Araujo, responsable du secteur au march\u00e9 de Sion.<\/p>\n<p>Ce dernier, qui a \u00e9t\u00e9 sommelier pendant 17 ans, nous explique avoir \u00e9galement un vaste assortiment de vins portugais car ils sont tr\u00e8s demand\u00e9s. La cave propose aussi de nombreux vins espagnols, italiens, fran\u00e7ais et sud-am\u00e9ricains, entre autres.<\/p>\n<p>Chez ALIGRO, les march\u00e9s adaptent leur assortiment aux d\u00e9sirs et besoin des clients. Par exemple, \u00e0 Sion, les valaisans sont attach\u00e9s \u00e0 leur terroir et, s\u2019ils optent pour un vin suisse, celui-ci devra \u00eatre valaisan !<\/p>\n<p>De mani\u00e8re g\u00e9n\u00e9rale, les celliers d\u2019ALIGRO comptent environ 1000 vins rouges, blancs et ros\u00e9s, ainsi que 200 champagnes et mousseux, disponibles en carton ou \u00e0 la bouteille, et environ 700 spiritueux qui forment un assortiment complet et hautement qualitatif.<\/p>\n<p>D\u00e9couvrez nos actions actuelles du secteur vins &amp; champagnes. Aussi, lors de votre visite, profitez des conseils de nos cavistes qui vous parleront avec passion de la personnalit\u00e9 de chacun de leurs vins.[\/vc_column_text][vc_column_text]<\/p>\n<p style=\"text-align: center; margin-top: 2em;\"><a class=\"CTAbtn\" href=\"https:\/\/www.aligro.ch\/actions\/5-vins\">VOIR LES ACTIONS DE LA SEMAINE<\/a><\/p>\n<p>[\/vc_column_text][\/vc_column][\/vc_row]<\/p>\n<\/div>","protected":false},"excerpt":{"rendered":"<p>[vc_row][vc_column][vc_column_text]Pour parler de vin, nous vous emmenons en Valais. Saviez-vous que ce canton abrite pr\u00e8s d\u2019un tiers du<a class=\"moretag\" href=\"https:\/\/www.aligro.ch\/pages\/fr\/news\/lendroit-ou-les-vins-regionaux-cotoient-les-crus-du-bout-du-monde\/\"> &#8230;<\/a><\/p>\n","protected":false},"author":7,"featured_media":35882,"comment_status":"closed","ping_status":"closed","sticky":false,"template":"","format":"standard","meta":{"_acf_changed":false,"footnotes":""},"categories":[1],"tags":[],"class_list":["post-35881","post","type-post","status-publish","format-standard","has-post-thumbnail","hentry","category-autre"],"acf":[],"yoast_head":"<!-- This site is optimized with the Yoast SEO plugin v27.4 - https:\/\/yoast.com\/product\/yoast-seo-wordpress\/ -->\n<title>L\u2019endroit o\u00f9 les vins r\u00e9gionaux c\u00f4toient les crus du bout du monde<\/title>\n<meta name=\"description\" content=\"Pour parler de vin, nous vous emmenons en Valais. Saviez-vous que ce canton abrite pr\u00e8s d\u2019un tiers du vignoble helv\u00e9tique ? Il compte les c\u00e9pages les plus vieux et les vignes, souvent en terrasse, les plus hautes d\u2019Europe.\" \/>\n<meta name=\"robots\" content=\"index, follow, max-snippet:-1, max-image-preview:large, max-video-preview:-1\" \/>\n<link rel=\"canonical\" href=\"https:\/\/www.aligro.ch\/pages\/fr\/news\/lendroit-ou-les-vins-regionaux-cotoient-les-crus-du-bout-du-monde\/\" \/>\n<meta property=\"og:locale\" content=\"fr_FR\" \/>\n<meta property=\"og:type\" content=\"article\" \/>\n<meta property=\"og:title\" content=\"L\u2019endroit o\u00f9 les vins r\u00e9gionaux c\u00f4toient les crus du bout du monde\" \/>\n<meta property=\"og:description\" content=\"Pour parler de vin, nous vous emmenons en Valais. Saviez-vous que ce canton abrite pr\u00e8s d\u2019un tiers du vignoble helv\u00e9tique ? Il compte les c\u00e9pages les plus vieux et les vignes, souvent en terrasse, les plus hautes d\u2019Europe.\" \/>\n<meta property=\"og:url\" content=\"https:\/\/www.aligro.ch\/pages\/fr\/news\/lendroit-ou-les-vins-regionaux-cotoient-les-crus-du-bout-du-monde\/\" \/>\n<meta property=\"og:site_name\" content=\"ALIGRO\" \/>\n<meta property=\"article:publisher\" content=\"https:\/\/fb.com\/aligrosuisse\" \/>\n<meta property=\"article:published_time\" content=\"2021-11-18T14:00:37+00:00\" \/>\n<meta property=\"og:image\" content=\"https:\/\/www.aligro.ch\/pages\/wp-content\/uploads\/2021\/11\/cellier-sion-cover.jpg\" \/>\n\t<meta property=\"og:image:width\" content=\"1920\" \/>\n\t<meta property=\"og:image:height\" content=\"1280\" \/>\n\t<meta property=\"og:image:type\" content=\"image\/jpeg\" \/>\n<meta name=\"author\" content=\"Bryan.Dubuis\" \/>\n<meta name=\"twitter:card\" content=\"summary_large_image\" \/>\n<meta name=\"twitter:label1\" content=\"\u00c9crit par\" \/>\n\t<meta name=\"twitter:data1\" content=\"Bryan.Dubuis\" \/>\n\t<meta name=\"twitter:label2\" content=\"Dur\u00e9e de lecture estim\u00e9e\" \/>\n\t<meta name=\"twitter:data2\" content=\"2 minutes\" \/>\n<script type=\"application\/ld+json\" class=\"yoast-schema-graph\">{\"@context\":\"https:\\\/\\\/schema.org\",\"@graph\":[{\"@type\":\"Article\",\"@id\":\"https:\\\/\\\/www.aligro.ch\\\/pages\\\/fr\\\/news\\\/lendroit-ou-les-vins-regionaux-cotoient-les-crus-du-bout-du-monde\\\/#article\",\"isPartOf\":{\"@id\":\"https:\\\/\\\/www.aligro.ch\\\/pages\\\/fr\\\/news\\\/lendroit-ou-les-vins-regionaux-cotoient-les-crus-du-bout-du-monde\\\/\"},\"author\":{\"name\":\"Bryan.Dubuis\",\"@id\":\"https:\\\/\\\/www.aligro.ch\\\/pages\\\/#\\\/schema\\\/person\\\/777e796cd5f5445dc18658f0b9f9f016\"},\"headline\":\"L\u2019endroit o\u00f9 les vins r\u00e9gionaux c\u00f4toient les crus du bout du monde\",\"datePublished\":\"2021-11-18T14:00:37+00:00\",\"mainEntityOfPage\":{\"@id\":\"https:\\\/\\\/www.aligro.ch\\\/pages\\\/fr\\\/news\\\/lendroit-ou-les-vins-regionaux-cotoient-les-crus-du-bout-du-monde\\\/\"},\"wordCount\":371,\"publisher\":{\"@id\":\"https:\\\/\\\/www.aligro.ch\\\/pages\\\/#organization\"},\"image\":{\"@id\":\"https:\\\/\\\/www.aligro.ch\\\/pages\\\/fr\\\/news\\\/lendroit-ou-les-vins-regionaux-cotoient-les-crus-du-bout-du-monde\\\/#primaryimage\"},\"thumbnailUrl\":\"https:\\\/\\\/www.aligro.ch\\\/pages\\\/wp-content\\\/uploads\\\/2021\\\/11\\\/cellier-sion-cover.jpg\",\"articleSection\":[\"Autre\"],\"inLanguage\":\"fr-FR\"},{\"@type\":\"WebPage\",\"@id\":\"https:\\\/\\\/www.aligro.ch\\\/pages\\\/fr\\\/news\\\/lendroit-ou-les-vins-regionaux-cotoient-les-crus-du-bout-du-monde\\\/\",\"url\":\"https:\\\/\\\/www.aligro.ch\\\/pages\\\/fr\\\/news\\\/lendroit-ou-les-vins-regionaux-cotoient-les-crus-du-bout-du-monde\\\/\",\"name\":\"L\u2019endroit o\u00f9 les vins r\u00e9gionaux c\u00f4toient les crus du bout du monde\",\"isPartOf\":{\"@id\":\"https:\\\/\\\/www.aligro.ch\\\/pages\\\/#website\"},\"primaryImageOfPage\":{\"@id\":\"https:\\\/\\\/www.aligro.ch\\\/pages\\\/fr\\\/news\\\/lendroit-ou-les-vins-regionaux-cotoient-les-crus-du-bout-du-monde\\\/#primaryimage\"},\"image\":{\"@id\":\"https:\\\/\\\/www.aligro.ch\\\/pages\\\/fr\\\/news\\\/lendroit-ou-les-vins-regionaux-cotoient-les-crus-du-bout-du-monde\\\/#primaryimage\"},\"thumbnailUrl\":\"https:\\\/\\\/www.aligro.ch\\\/pages\\\/wp-content\\\/uploads\\\/2021\\\/11\\\/cellier-sion-cover.jpg\",\"datePublished\":\"2021-11-18T14:00:37+00:00\",\"description\":\"Pour parler de vin, nous vous emmenons en Valais. Saviez-vous que ce canton abrite pr\u00e8s d\u2019un tiers du vignoble helv\u00e9tique ? Il compte les c\u00e9pages les plus vieux et les vignes, souvent en terrasse, les plus hautes d\u2019Europe.\",\"breadcrumb\":{\"@id\":\"https:\\\/\\\/www.aligro.ch\\\/pages\\\/fr\\\/news\\\/lendroit-ou-les-vins-regionaux-cotoient-les-crus-du-bout-du-monde\\\/#breadcrumb\"},\"inLanguage\":\"fr-FR\",\"potentialAction\":[{\"@type\":\"ReadAction\",\"target\":[\"https:\\\/\\\/www.aligro.ch\\\/pages\\\/fr\\\/news\\\/lendroit-ou-les-vins-regionaux-cotoient-les-crus-du-bout-du-monde\\\/\"]}]},{\"@type\":\"ImageObject\",\"inLanguage\":\"fr-FR\",\"@id\":\"https:\\\/\\\/www.aligro.ch\\\/pages\\\/fr\\\/news\\\/lendroit-ou-les-vins-regionaux-cotoient-les-crus-du-bout-du-monde\\\/#primaryimage\",\"url\":\"https:\\\/\\\/www.aligro.ch\\\/pages\\\/wp-content\\\/uploads\\\/2021\\\/11\\\/cellier-sion-cover.jpg\",\"contentUrl\":\"https:\\\/\\\/www.aligro.ch\\\/pages\\\/wp-content\\\/uploads\\\/2021\\\/11\\\/cellier-sion-cover.jpg\",\"width\":1920,\"height\":1280},{\"@type\":\"BreadcrumbList\",\"@id\":\"https:\\\/\\\/www.aligro.ch\\\/pages\\\/fr\\\/news\\\/lendroit-ou-les-vins-regionaux-cotoient-les-crus-du-bout-du-monde\\\/#breadcrumb\",\"itemListElement\":[{\"@type\":\"ListItem\",\"position\":1,\"name\":\"Accueil\",\"item\":\"https:\\\/\\\/www.aligro.ch\\\/pages\\\/de\\\/aligro-academy\\\/\"},{\"@type\":\"ListItem\",\"position\":2,\"name\":\"L\u2019endroit o\u00f9 les vins r\u00e9gionaux c\u00f4toient les crus du bout du monde\"}]},{\"@type\":\"WebSite\",\"@id\":\"https:\\\/\\\/www.aligro.ch\\\/pages\\\/#website\",\"url\":\"https:\\\/\\\/www.aligro.ch\\\/pages\\\/\",\"name\":\"ALIGRO\",\"description\":\"Fra\u00eecheur. Qualit\u00e9. Inspiration.\",\"publisher\":{\"@id\":\"https:\\\/\\\/www.aligro.ch\\\/pages\\\/#organization\"},\"potentialAction\":[{\"@type\":\"SearchAction\",\"target\":{\"@type\":\"EntryPoint\",\"urlTemplate\":\"https:\\\/\\\/www.aligro.ch\\\/pages\\\/?s={search_term_string}\"},\"query-input\":{\"@type\":\"PropertyValueSpecification\",\"valueRequired\":true,\"valueName\":\"search_term_string\"}}],\"inLanguage\":\"fr-FR\"},{\"@type\":\"Organization\",\"@id\":\"https:\\\/\\\/www.aligro.ch\\\/pages\\\/#organization\",\"name\":\"ALIGRO\",\"url\":\"https:\\\/\\\/www.aligro.ch\\\/pages\\\/\",\"logo\":{\"@type\":\"ImageObject\",\"inLanguage\":\"fr-FR\",\"@id\":\"https:\\\/\\\/www.aligro.ch\\\/pages\\\/#\\\/schema\\\/logo\\\/image\\\/\",\"url\":\"https:\\\/\\\/www.aligro.ch\\\/pages\\\/wp-content\\\/uploads\\\/2018\\\/10\\\/Logo@4x.png\",\"contentUrl\":\"https:\\\/\\\/www.aligro.ch\\\/pages\\\/wp-content\\\/uploads\\\/2018\\\/10\\\/Logo@4x.png\",\"width\":1831,\"height\":228,\"caption\":\"ALIGRO\"},\"image\":{\"@id\":\"https:\\\/\\\/www.aligro.ch\\\/pages\\\/#\\\/schema\\\/logo\\\/image\\\/\"},\"sameAs\":[\"https:\\\/\\\/fb.com\\\/aligrosuisse\"]},{\"@type\":\"Person\",\"@id\":\"https:\\\/\\\/www.aligro.ch\\\/pages\\\/#\\\/schema\\\/person\\\/777e796cd5f5445dc18658f0b9f9f016\",\"name\":\"Bryan.Dubuis\",\"image\":{\"@type\":\"ImageObject\",\"inLanguage\":\"fr-FR\",\"@id\":\"https:\\\/\\\/secure.gravatar.com\\\/avatar\\\/f25783eb6169c6f454c439b71266b12b0da0dcb30459ac01a1686f93320329e5?s=96&d=mm&r=g\",\"url\":\"https:\\\/\\\/secure.gravatar.com\\\/avatar\\\/f25783eb6169c6f454c439b71266b12b0da0dcb30459ac01a1686f93320329e5?s=96&d=mm&r=g\",\"contentUrl\":\"https:\\\/\\\/secure.gravatar.com\\\/avatar\\\/f25783eb6169c6f454c439b71266b12b0da0dcb30459ac01a1686f93320329e5?s=96&d=mm&r=g\",\"caption\":\"Bryan.Dubuis\"}}]}<\/script>\n<!-- \/ Yoast SEO plugin. -->","yoast_head_json":{"title":"L\u2019endroit o\u00f9 les vins r\u00e9gionaux c\u00f4toient les crus du bout du monde","description":"Pour parler de vin, nous vous emmenons en Valais. Saviez-vous que ce canton abrite pr\u00e8s d\u2019un tiers du vignoble helv\u00e9tique ? Il compte les c\u00e9pages les plus vieux et les vignes, souvent en terrasse, les plus hautes d\u2019Europe.","robots":{"index":"index","follow":"follow","max-snippet":"max-snippet:-1","max-image-preview":"max-image-preview:large","max-video-preview":"max-video-preview:-1"},"canonical":"https:\/\/www.aligro.ch\/pages\/fr\/news\/lendroit-ou-les-vins-regionaux-cotoient-les-crus-du-bout-du-monde\/","og_locale":"fr_FR","og_type":"article","og_title":"L\u2019endroit o\u00f9 les vins r\u00e9gionaux c\u00f4toient les crus du bout du monde","og_description":"Pour parler de vin, nous vous emmenons en Valais. Saviez-vous que ce canton abrite pr\u00e8s d\u2019un tiers du vignoble helv\u00e9tique ? Il compte les c\u00e9pages les plus vieux et les vignes, souvent en terrasse, les plus hautes d\u2019Europe.","og_url":"https:\/\/www.aligro.ch\/pages\/fr\/news\/lendroit-ou-les-vins-regionaux-cotoient-les-crus-du-bout-du-monde\/","og_site_name":"ALIGRO","article_publisher":"https:\/\/fb.com\/aligrosuisse","article_published_time":"2021-11-18T14:00:37+00:00","og_image":[{"width":1920,"height":1280,"url":"https:\/\/www.aligro.ch\/pages\/wp-content\/uploads\/2021\/11\/cellier-sion-cover.jpg","type":"image\/jpeg"}],"author":"Bryan.Dubuis","twitter_card":"summary_large_image","twitter_misc":{"\u00c9crit par":"Bryan.Dubuis","Dur\u00e9e de lecture estim\u00e9e":"2 minutes"},"schema":{"@context":"https:\/\/schema.org","@graph":[{"@type":"Article","@id":"https:\/\/www.aligro.ch\/pages\/fr\/news\/lendroit-ou-les-vins-regionaux-cotoient-les-crus-du-bout-du-monde\/#article","isPartOf":{"@id":"https:\/\/www.aligro.ch\/pages\/fr\/news\/lendroit-ou-les-vins-regionaux-cotoient-les-crus-du-bout-du-monde\/"},"author":{"name":"Bryan.Dubuis","@id":"https:\/\/www.aligro.ch\/pages\/#\/schema\/person\/777e796cd5f5445dc18658f0b9f9f016"},"headline":"L\u2019endroit o\u00f9 les vins r\u00e9gionaux c\u00f4toient les crus du bout du monde","datePublished":"2021-11-18T14:00:37+00:00","mainEntityOfPage":{"@id":"https:\/\/www.aligro.ch\/pages\/fr\/news\/lendroit-ou-les-vins-regionaux-cotoient-les-crus-du-bout-du-monde\/"},"wordCount":371,"publisher":{"@id":"https:\/\/www.aligro.ch\/pages\/#organization"},"image":{"@id":"https:\/\/www.aligro.ch\/pages\/fr\/news\/lendroit-ou-les-vins-regionaux-cotoient-les-crus-du-bout-du-monde\/#primaryimage"},"thumbnailUrl":"https:\/\/www.aligro.ch\/pages\/wp-content\/uploads\/2021\/11\/cellier-sion-cover.jpg","articleSection":["Autre"],"inLanguage":"fr-FR"},{"@type":"WebPage","@id":"https:\/\/www.aligro.ch\/pages\/fr\/news\/lendroit-ou-les-vins-regionaux-cotoient-les-crus-du-bout-du-monde\/","url":"https:\/\/www.aligro.ch\/pages\/fr\/news\/lendroit-ou-les-vins-regionaux-cotoient-les-crus-du-bout-du-monde\/","name":"L\u2019endroit o\u00f9 les vins r\u00e9gionaux c\u00f4toient les crus du bout du monde","isPartOf":{"@id":"https:\/\/www.aligro.ch\/pages\/#website"},"primaryImageOfPage":{"@id":"https:\/\/www.aligro.ch\/pages\/fr\/news\/lendroit-ou-les-vins-regionaux-cotoient-les-crus-du-bout-du-monde\/#primaryimage"},"image":{"@id":"https:\/\/www.aligro.ch\/pages\/fr\/news\/lendroit-ou-les-vins-regionaux-cotoient-les-crus-du-bout-du-monde\/#primaryimage"},"thumbnailUrl":"https:\/\/www.aligro.ch\/pages\/wp-content\/uploads\/2021\/11\/cellier-sion-cover.jpg","datePublished":"2021-11-18T14:00:37+00:00","description":"Pour parler de vin, nous vous emmenons en Valais. Saviez-vous que ce canton abrite pr\u00e8s d\u2019un tiers du vignoble helv\u00e9tique ? Il compte les c\u00e9pages les plus vieux et les vignes, souvent en terrasse, les plus hautes d\u2019Europe.","breadcrumb":{"@id":"https:\/\/www.aligro.ch\/pages\/fr\/news\/lendroit-ou-les-vins-regionaux-cotoient-les-crus-du-bout-du-monde\/#breadcrumb"},"inLanguage":"fr-FR","potentialAction":[{"@type":"ReadAction","target":["https:\/\/www.aligro.ch\/pages\/fr\/news\/lendroit-ou-les-vins-regionaux-cotoient-les-crus-du-bout-du-monde\/"]}]},{"@type":"ImageObject","inLanguage":"fr-FR","@id":"https:\/\/www.aligro.ch\/pages\/fr\/news\/lendroit-ou-les-vins-regionaux-cotoient-les-crus-du-bout-du-monde\/#primaryimage","url":"https:\/\/www.aligro.ch\/pages\/wp-content\/uploads\/2021\/11\/cellier-sion-cover.jpg","contentUrl":"https:\/\/www.aligro.ch\/pages\/wp-content\/uploads\/2021\/11\/cellier-sion-cover.jpg","width":1920,"height":1280},{"@type":"BreadcrumbList","@id":"https:\/\/www.aligro.ch\/pages\/fr\/news\/lendroit-ou-les-vins-regionaux-cotoient-les-crus-du-bout-du-monde\/#breadcrumb","itemListElement":[{"@type":"ListItem","position":1,"name":"Accueil","item":"https:\/\/www.aligro.ch\/pages\/de\/aligro-academy\/"},{"@type":"ListItem","position":2,"name":"L\u2019endroit o\u00f9 les vins r\u00e9gionaux c\u00f4toient les crus du bout du monde"}]},{"@type":"WebSite","@id":"https:\/\/www.aligro.ch\/pages\/#website","url":"https:\/\/www.aligro.ch\/pages\/","name":"ALIGRO","description":"Fra\u00eecheur. Qualit\u00e9. Inspiration.","publisher":{"@id":"https:\/\/www.aligro.ch\/pages\/#organization"},"potentialAction":[{"@type":"SearchAction","target":{"@type":"EntryPoint","urlTemplate":"https:\/\/www.aligro.ch\/pages\/?s={search_term_string}"},"query-input":{"@type":"PropertyValueSpecification","valueRequired":true,"valueName":"search_term_string"}}],"inLanguage":"fr-FR"},{"@type":"Organization","@id":"https:\/\/www.aligro.ch\/pages\/#organization","name":"ALIGRO","url":"https:\/\/www.aligro.ch\/pages\/","logo":{"@type":"ImageObject","inLanguage":"fr-FR","@id":"https:\/\/www.aligro.ch\/pages\/#\/schema\/logo\/image\/","url":"https:\/\/www.aligro.ch\/pages\/wp-content\/uploads\/2018\/10\/Logo@4x.png","contentUrl":"https:\/\/www.aligro.ch\/pages\/wp-content\/uploads\/2018\/10\/Logo@4x.png","width":1831,"height":228,"caption":"ALIGRO"},"image":{"@id":"https:\/\/www.aligro.ch\/pages\/#\/schema\/logo\/image\/"},"sameAs":["https:\/\/fb.com\/aligrosuisse"]},{"@type":"Person","@id":"https:\/\/www.aligro.ch\/pages\/#\/schema\/person\/777e796cd5f5445dc18658f0b9f9f016","name":"Bryan.Dubuis","image":{"@type":"ImageObject","inLanguage":"fr-FR","@id":"https:\/\/secure.gravatar.com\/avatar\/f25783eb6169c6f454c439b71266b12b0da0dcb30459ac01a1686f93320329e5?s=96&d=mm&r=g","url":"https:\/\/secure.gravatar.com\/avatar\/f25783eb6169c6f454c439b71266b12b0da0dcb30459ac01a1686f93320329e5?s=96&d=mm&r=g","contentUrl":"https:\/\/secure.gravatar.com\/avatar\/f25783eb6169c6f454c439b71266b12b0da0dcb30459ac01a1686f93320329e5?s=96&d=mm&r=g","caption":"Bryan.Dubuis"}}]}},"_links":{"self":[{"href":"https:\/\/www.aligro.ch\/pages\/wp-json\/wp\/v2\/posts\/35881","targetHints":{"allow":["GET"]}}],"collection":[{"href":"https:\/\/www.aligro.ch\/pages\/wp-json\/wp\/v2\/posts"}],"about":[{"href":"https:\/\/www.aligro.ch\/pages\/wp-json\/wp\/v2\/types\/post"}],"author":[{"embeddable":true,"href":"https:\/\/www.aligro.ch\/pages\/wp-json\/wp\/v2\/users\/7"}],"replies":[{"embeddable":true,"href":"https:\/\/www.aligro.ch\/pages\/wp-json\/wp\/v2\/comments?post=35881"}],"version-history":[{"count":3,"href":"https:\/\/www.aligro.ch\/pages\/wp-json\/wp\/v2\/posts\/35881\/revisions"}],"predecessor-version":[{"id":41156,"href":"https:\/\/www.aligro.ch\/pages\/wp-json\/wp\/v2\/posts\/35881\/revisions\/41156"}],"wp:featuredmedia":[{"embeddable":true,"href":"https:\/\/www.aligro.ch\/pages\/wp-json\/wp\/v2\/media\/35882"}],"wp:attachment":[{"href":"https:\/\/www.aligro.ch\/pages\/wp-json\/wp\/v2\/media?parent=35881"}],"wp:term":[{"taxonomy":"category","embeddable":true,"href":"https:\/\/www.aligro.ch\/pages\/wp-json\/wp\/v2\/categories?post=35881"},{"taxonomy":"post_tag","embeddable":true,"href":"https:\/\/www.aligro.ch\/pages\/wp-json\/wp\/v2\/tags?post=35881"}],"curies":[{"name":"wp","href":"https:\/\/api.w.org\/{rel}","templated":true}]}}