{"id":35776,"date":"2021-11-16T11:41:57","date_gmt":"2021-11-16T10:41:57","guid":{"rendered":"https:\/\/www.aligro.ch\/pages\/?p=35776"},"modified":"2021-11-16T15:01:14","modified_gmt":"2021-11-16T14:01:14","slug":"des-conseils-de-professionnels-sur-les-fruits-de-mer","status":"publish","type":"post","link":"https:\/\/www.aligro.ch\/pages\/fr\/news\/des-conseils-de-professionnels-sur-les-fruits-de-mer\/","title":{"rendered":"Des conseils de professionnels sur les fruits de mer"},"content":{"rendered":"<div class=\"wpb-content-wrapper\"><p>[vc_row][vc_column][vc_column_text]<strong>Le responsable de la poissonnerie de Chavannes, J\u00e9r\u00f4me Ranieri, travaille depuis 2013 \u00e0 ALIGRO Chavannes. Gr\u00e2ce \u00e0 son parcours et ses nombreuses exp\u00e9riences, les poissons et les fruits de mer n\u2019ont plus de secret pour lui. Il nous pr\u00e9sente ses fruits de mer pr\u00e9f\u00e9r\u00e9s, des produits qu\u2019il aime d\u00e9guster lors des f\u00eates de fin d\u2019ann\u00e9e.<\/strong><\/p>\n<h3>Un expert \u00e0 votre service<\/h3>\n<p>Apr\u00e8s son baccalaur\u00e9at scientifique en biologie et \u00e9cologie, J\u00e9r\u00f4me Ranieri a obtenu un brevet de technicien sup\u00e9rieur en production aquacole et un brevet technico-commercial en poissons et produits de la mer. Gr\u00e2ce \u00e0 cela, il a acquis une connaissance parfaite de la cha\u00eene de valeur, des m\u00e9thodes d\u2019\u00e9levage en aquaculture en milieu naturel ou en bassins, et de la vente.<\/p>\n<p>Il a ensuite travaill\u00e9 dans plusieurs grands supermarch\u00e9s de France et chez Metro, un magasin r\u00e9serv\u00e9 aux professionnels de la gastronomie. En arrivant en Suisse, il a travaill\u00e9 3 ans chez ALIGRO \u00e0 Gen\u00e8ve avant de cr\u00e9er sa propre entreprise d\u2019import\/export en poissons et fruits de mer. Il a travaill\u00e9 ensuite chez Coop avant de rejoindre l\u2019\u00e9quipe de la poissonnerie chez ALIGRO \u00e0 Chavannes en 2013. \u00ab\u00a0Je cherchais un poste dynamique avec de gros volumes de commandes, o\u00f9 il n\u2019y avait pas uniquement de la mise en rayon. Ici, j\u2019aime cette libert\u00e9 de faire moi-m\u00eame les commandes aupr\u00e8s des fournisseurs, d\u2019avoir aussi un contact direct avec eux afin de garantir une qualit\u00e9 irr\u00e9prochable, d\u2019estimer la demande en cherchant \u00e0 toujours mieux conna\u00eetre mes clients et de construire des relations de confiance avec eux.\u00a0\u00bb<\/p>\n<h3>Des fruits de mer pour les f\u00eates<\/h3>\n<p>Durant les f\u00eates de fin d\u2019ann\u00e9e, beaucoup ont pour habitude de manger des fruits de mer, c\u2019est d\u2019ailleurs le cas pour J\u00e9r\u00f4me Ranieri. \u00ab\u00a0En famille, nous avons en g\u00e9n\u00e9ral soit une entr\u00e9e avec du foie gras, suivi d\u2019un grand plateau de fruits de mer, soit une soupe de homard suivie d\u2019un plat de volaille.\u00a0\u00bb<\/p>\n<p>Le homard est un crustac\u00e9 que le chef poissonnier aime beaucoup. \u00ab\u00a0Son go\u00fbt est tr\u00e8s fin et il peut \u00eatre appr\u00eat\u00e9 de nombreuses mani\u00e8res. Il est souvent servi pour de grandes occasions, notamment durant les f\u00eates de fin d\u2019ann\u00e9e car c\u2019est un produit d\u2019exception.\u00a0\u00bb<\/p>\n<p>Les hu\u00eetres sont aussi tr\u00e8s appr\u00e9ci\u00e9es de J\u00e9r\u00f4me Ranieri. Ces fruits de mer ont en effet des saveurs tr\u00e8s diff\u00e9rents en fonction des endroits o\u00f9 elles sont \u00e9lev\u00e9es. Avec pr\u00e8s d\u2019une dizaine de sortes dans notre assortiment, chacun peut trouver des hu\u00eetres \u00e0 son go\u00fbt. Par exemple, les hu\u00eetres de Bouzigues sont tr\u00e8s sal\u00e9es car elles sont \u00e9lev\u00e9es dans un \u00e9tang, rempli par la mer M\u00e9diterran\u00e9e. Avec le soleil, l\u2019eau s\u2019\u00e9vapore et la concentration en sel devient plus \u00e9lev\u00e9e. D\u2019autres hu\u00eetres sont affin\u00e9es en eau clair, ce qui diminue leur c\u00f4t\u00e9 sal\u00e9. En cuisine, elles peuvent \u00eatre d\u00e9gust\u00e9es crues avec du jus de citron, du poivre gris, du vinaigre aux herbes ou avec des \u00e9chalotes coup\u00e9es tr\u00e8s finement. \u00ab\u00a0Pour sortir de l\u2019ordinaire, je vous conseille de les manger cuites au four avec du champagne, une fine tranche de gruy\u00e8re vieux ou des l\u00e9gumes en julienne.\u00a0\u00bb<\/p>\n<p><img decoding=\"async\" class=\"alignright wp-image-35788\" src=\"https:\/\/www.aligro.ch\/pages\/wp-content\/uploads\/2021\/11\/pouces-pieds-300x199.jpg\" alt=\"\" width=\"600\" height=\"398\" srcset=\"https:\/\/www.aligro.ch\/pages\/wp-content\/uploads\/2021\/11\/pouces-pieds-300x199.jpg 300w, https:\/\/www.aligro.ch\/pages\/wp-content\/uploads\/2021\/11\/pouces-pieds-450x298.jpg 450w, https:\/\/www.aligro.ch\/pages\/wp-content\/uploads\/2021\/11\/pouces-pieds.jpg 700w\" sizes=\"(max-width: 600px) 94vw, 600px\" \/>Son coquillage pr\u00e9f\u00e9r\u00e9, bien que tr\u00e8s particulier, est le pouces-pieds, autant pour sa saveur iod\u00e9e et sa finesse en bouche que pour la beaut\u00e9 de sa technique de r\u00e9colte. \u00ab Les pouces-pieds grandissent sur les rochers les plus frapp\u00e9s par la mer, o\u00f9 les vagues sont tr\u00e8s puissantes. Les p\u00eacheurs forment g\u00e9n\u00e9ralement des groupes de deux pour r\u00e9colter ces coquillages. Un p\u00eacheur compte les vagues afin d\u2019identifier les vagues les moins fortes pendant lesquelles l\u2019autre p\u00eacheur, encord\u00e9 au premier, va extraire les pouces-pieds du rocher \u00e0 l\u2019aide d\u2019une spatule. Leur cuisson est tr\u00e8s simple, il suffit de les bouillir 5 minutes dans de l\u2019eau sal\u00e9e. Pour le manger, on appuie sur le pied pour faire monter le tubercule. \u00bb[\/vc_column_text][\/vc_column][\/vc_row][vc_row][vc_column][vc_column_text]Pour choisir des coquillages, il faut savoir qu\u2019il y a plusieurs crit\u00e8res comme la salinit\u00e9, la taille, le lieu du bassin et le niveau d\u2019affinage. \u00ab\u00a0Le coquillage, c\u2019est presque comme un fromage\u00a0\u00bb explique le poissonnier. \u00ab\u00a0Plus s\u00e9rieusement, ces crit\u00e8res permettent de conseiller avec pr\u00e9cision nos clients. \u00bb<\/p>\n<h3>Une connaissance parfaite des produits pour des conseils de professionnels<\/h3>\n<p>L\u2019\u00e9quipe de la poissonnerie a un\u00a0leitmotiv : on ne peut pas vendre un produit si on ne le connait pas. Particuli\u00e8rement dans ce secteur, les conseils de professionnels sont tr\u00e8s appr\u00e9ci\u00e9s des clients. \u00ab\u00a0Nous mettons tout en \u0153uvre pour que les clients aient du plaisir \u00e0 venir dans notre secteur, \u00e0 d\u00e9couvrir notre assortiment de qualit\u00e9, \u00e0 nous rencontrer, \u00e0 recevoir des conseils avis\u00e9s et \u00e0 \u00eatre servi avec le sourire.\u00a0\u00bb Ici, l\u2019ambiance ressemble \u00e0 un v\u00e9ritable march\u00e9 o\u00f9 on entend parler plusieurs langues car l\u2019\u00e9quipe r\u00e9pond aux clients en fran\u00e7ais, en portugais ou en italien.<\/p>\n<h3>Ce qui pla\u00eet particuli\u00e8rement \u00e0 J\u00e9r\u00f4me Ranieri<\/h3>\n<p>\u00ab\u00a0La largeur de notre assortiment, les contacts avec les clients et la gestion des commandes. Nous avons un tr\u00e8s bel assortiment frais aussi bien en poissons qu\u2019en coquillages et crustac\u00e9s. La majorit\u00e9 de nos fruits de mer proviennent d\u2019Italie ou de France. J\u2019appr\u00e9cie aussi la confiance qui s\u2019\u00e9tablit avec les clients, notamment lorsqu\u2019ils me demandent de leur faire d\u00e9couvrir de nouveau produits.\u00a0\u00bb[\/vc_column_text][vc_zigzag el_width=\u00a0\u00bb70&Prime; el_border_width=\u00a0\u00bb10&Prime; css=\u00a0\u00bb.vc_custom_1637060233150{margin-bottom: 15px !important;}\u00a0\u00bb][vc_column_text]<\/p>\n<h2>D\u00e9couvrez les actions de crustac\u00e9s<\/h2>\n<p style=\"text-align: center; margin-top: 2em;\"><a class=\"CTAbtn\" href=\"https:\/\/www.aligro.ch\/actions\/118-poisson-fruit-de-mer\">VOIR LES ACTIONS DE LA SEMAINE<\/a><\/p>\n<p style=\"text-align: center; margin-top: 2em;\"><a class=\"CTAbtn\" href=\"https:\/\/www.aligro.ch\/espace-client\/actions-semaine-prochaine\/categorie\/118-poisson-fruit-de-mer\">VOIR LES ACTIONS DE LA SEMAINE PROCHAINE<\/a><\/p>\n<p>[\/vc_column_text][\/vc_column][\/vc_row]<\/p>\n<\/div>","protected":false},"excerpt":{"rendered":"<p>[vc_row][vc_column][vc_column_text]Le responsable de la poissonnerie de Chavannes, J\u00e9r\u00f4me Ranieri, travaille depuis 2013 \u00e0 ALIGRO Chavannes. Gr\u00e2ce \u00e0 son<a class=\"moretag\" href=\"https:\/\/www.aligro.ch\/pages\/fr\/news\/des-conseils-de-professionnels-sur-les-fruits-de-mer\/\"> &#8230;<\/a><\/p>\n","protected":false},"author":7,"featured_media":35820,"comment_status":"closed","ping_status":"closed","sticky":false,"template":"","format":"standard","meta":{"_acf_changed":false,"footnotes":""},"categories":[1],"tags":[],"class_list":["post-35776","post","type-post","status-publish","format-standard","has-post-thumbnail","hentry","category-autre"],"acf":[],"yoast_head":"<!-- This site is optimized with the Yoast SEO plugin v27.4 - https:\/\/yoast.com\/product\/yoast-seo-wordpress\/ -->\n<title>Des conseils de professionnels sur les fruits de mer<\/title>\n<meta name=\"description\" content=\"Le responsable de la poissonnerie de Chavannes, J\u00e9r\u00f4me Ranieri, nous pr\u00e9sente ses fruits de mer pr\u00e9f\u00e9r\u00e9s, des produits qu\u2019il aime d\u00e9guster lors des f\u00eates de fin d\u2019ann\u00e9e.\" \/>\n<meta name=\"robots\" content=\"index, follow, max-snippet:-1, max-image-preview:large, max-video-preview:-1\" \/>\n<link rel=\"canonical\" href=\"https:\/\/www.aligro.ch\/pages\/fr\/news\/des-conseils-de-professionnels-sur-les-fruits-de-mer\/\" \/>\n<meta property=\"og:locale\" content=\"fr_FR\" \/>\n<meta property=\"og:type\" content=\"article\" \/>\n<meta property=\"og:title\" content=\"Des conseils de professionnels sur les fruits de mer\" \/>\n<meta property=\"og:description\" content=\"Le responsable de la poissonnerie de Chavannes, J\u00e9r\u00f4me Ranieri, nous pr\u00e9sente ses fruits de mer pr\u00e9f\u00e9r\u00e9s, des produits qu\u2019il aime d\u00e9guster lors des f\u00eates de fin d\u2019ann\u00e9e.\" \/>\n<meta property=\"og:url\" content=\"https:\/\/www.aligro.ch\/pages\/fr\/news\/des-conseils-de-professionnels-sur-les-fruits-de-mer\/\" \/>\n<meta property=\"og:site_name\" content=\"ALIGRO\" \/>\n<meta property=\"article:publisher\" content=\"https:\/\/fb.com\/aligrosuisse\" \/>\n<meta property=\"article:published_time\" content=\"2021-11-16T10:41:57+00:00\" \/>\n<meta property=\"article:modified_time\" content=\"2021-11-16T14:01:14+00:00\" \/>\n<meta property=\"og:image\" content=\"https:\/\/www.aligro.ch\/pages\/wp-content\/uploads\/2021\/11\/Expert-crustaces1.jpg\" \/>\n\t<meta property=\"og:image:width\" content=\"1920\" \/>\n\t<meta property=\"og:image:height\" content=\"1053\" \/>\n\t<meta property=\"og:image:type\" content=\"image\/jpeg\" \/>\n<meta name=\"author\" content=\"Bryan.Dubuis\" \/>\n<meta name=\"twitter:card\" content=\"summary_large_image\" \/>\n<meta name=\"twitter:label1\" content=\"\u00c9crit par\" \/>\n\t<meta name=\"twitter:data1\" content=\"Bryan.Dubuis\" \/>\n\t<meta name=\"twitter:label2\" content=\"Dur\u00e9e de lecture estim\u00e9e\" \/>\n\t<meta name=\"twitter:data2\" content=\"5 minutes\" \/>\n<script type=\"application\/ld+json\" class=\"yoast-schema-graph\">{\"@context\":\"https:\\\/\\\/schema.org\",\"@graph\":[{\"@type\":\"Article\",\"@id\":\"https:\\\/\\\/www.aligro.ch\\\/pages\\\/fr\\\/news\\\/des-conseils-de-professionnels-sur-les-fruits-de-mer\\\/#article\",\"isPartOf\":{\"@id\":\"https:\\\/\\\/www.aligro.ch\\\/pages\\\/fr\\\/news\\\/des-conseils-de-professionnels-sur-les-fruits-de-mer\\\/\"},\"author\":{\"name\":\"Bryan.Dubuis\",\"@id\":\"https:\\\/\\\/www.aligro.ch\\\/pages\\\/#\\\/schema\\\/person\\\/777e796cd5f5445dc18658f0b9f9f016\"},\"headline\":\"Des conseils de professionnels sur les fruits de mer\",\"datePublished\":\"2021-11-16T10:41:57+00:00\",\"dateModified\":\"2021-11-16T14:01:14+00:00\",\"mainEntityOfPage\":{\"@id\":\"https:\\\/\\\/www.aligro.ch\\\/pages\\\/fr\\\/news\\\/des-conseils-de-professionnels-sur-les-fruits-de-mer\\\/\"},\"wordCount\":1042,\"publisher\":{\"@id\":\"https:\\\/\\\/www.aligro.ch\\\/pages\\\/#organization\"},\"image\":{\"@id\":\"https:\\\/\\\/www.aligro.ch\\\/pages\\\/fr\\\/news\\\/des-conseils-de-professionnels-sur-les-fruits-de-mer\\\/#primaryimage\"},\"thumbnailUrl\":\"https:\\\/\\\/www.aligro.ch\\\/pages\\\/wp-content\\\/uploads\\\/2021\\\/11\\\/Expert-crustaces1.jpg\",\"articleSection\":[\"Autre\"],\"inLanguage\":\"fr-FR\"},{\"@type\":\"WebPage\",\"@id\":\"https:\\\/\\\/www.aligro.ch\\\/pages\\\/fr\\\/news\\\/des-conseils-de-professionnels-sur-les-fruits-de-mer\\\/\",\"url\":\"https:\\\/\\\/www.aligro.ch\\\/pages\\\/fr\\\/news\\\/des-conseils-de-professionnels-sur-les-fruits-de-mer\\\/\",\"name\":\"Des conseils de professionnels sur les fruits de mer\",\"isPartOf\":{\"@id\":\"https:\\\/\\\/www.aligro.ch\\\/pages\\\/#website\"},\"primaryImageOfPage\":{\"@id\":\"https:\\\/\\\/www.aligro.ch\\\/pages\\\/fr\\\/news\\\/des-conseils-de-professionnels-sur-les-fruits-de-mer\\\/#primaryimage\"},\"image\":{\"@id\":\"https:\\\/\\\/www.aligro.ch\\\/pages\\\/fr\\\/news\\\/des-conseils-de-professionnels-sur-les-fruits-de-mer\\\/#primaryimage\"},\"thumbnailUrl\":\"https:\\\/\\\/www.aligro.ch\\\/pages\\\/wp-content\\\/uploads\\\/2021\\\/11\\\/Expert-crustaces1.jpg\",\"datePublished\":\"2021-11-16T10:41:57+00:00\",\"dateModified\":\"2021-11-16T14:01:14+00:00\",\"description\":\"Le responsable de la poissonnerie de Chavannes, J\u00e9r\u00f4me Ranieri, nous pr\u00e9sente ses fruits de mer pr\u00e9f\u00e9r\u00e9s, des produits qu\u2019il aime d\u00e9guster lors des f\u00eates de fin d\u2019ann\u00e9e.\",\"breadcrumb\":{\"@id\":\"https:\\\/\\\/www.aligro.ch\\\/pages\\\/fr\\\/news\\\/des-conseils-de-professionnels-sur-les-fruits-de-mer\\\/#breadcrumb\"},\"inLanguage\":\"fr-FR\",\"potentialAction\":[{\"@type\":\"ReadAction\",\"target\":[\"https:\\\/\\\/www.aligro.ch\\\/pages\\\/fr\\\/news\\\/des-conseils-de-professionnels-sur-les-fruits-de-mer\\\/\"]}]},{\"@type\":\"ImageObject\",\"inLanguage\":\"fr-FR\",\"@id\":\"https:\\\/\\\/www.aligro.ch\\\/pages\\\/fr\\\/news\\\/des-conseils-de-professionnels-sur-les-fruits-de-mer\\\/#primaryimage\",\"url\":\"https:\\\/\\\/www.aligro.ch\\\/pages\\\/wp-content\\\/uploads\\\/2021\\\/11\\\/Expert-crustaces1.jpg\",\"contentUrl\":\"https:\\\/\\\/www.aligro.ch\\\/pages\\\/wp-content\\\/uploads\\\/2021\\\/11\\\/Expert-crustaces1.jpg\",\"width\":1920,\"height\":1053},{\"@type\":\"BreadcrumbList\",\"@id\":\"https:\\\/\\\/www.aligro.ch\\\/pages\\\/fr\\\/news\\\/des-conseils-de-professionnels-sur-les-fruits-de-mer\\\/#breadcrumb\",\"itemListElement\":[{\"@type\":\"ListItem\",\"position\":1,\"name\":\"Accueil\",\"item\":\"https:\\\/\\\/www.aligro.ch\\\/pages\\\/de\\\/aligro-academy\\\/\"},{\"@type\":\"ListItem\",\"position\":2,\"name\":\"Des conseils de professionnels sur les fruits de mer\"}]},{\"@type\":\"WebSite\",\"@id\":\"https:\\\/\\\/www.aligro.ch\\\/pages\\\/#website\",\"url\":\"https:\\\/\\\/www.aligro.ch\\\/pages\\\/\",\"name\":\"ALIGRO\",\"description\":\"Fra\u00eecheur. Qualit\u00e9. Inspiration.\",\"publisher\":{\"@id\":\"https:\\\/\\\/www.aligro.ch\\\/pages\\\/#organization\"},\"potentialAction\":[{\"@type\":\"SearchAction\",\"target\":{\"@type\":\"EntryPoint\",\"urlTemplate\":\"https:\\\/\\\/www.aligro.ch\\\/pages\\\/?s={search_term_string}\"},\"query-input\":{\"@type\":\"PropertyValueSpecification\",\"valueRequired\":true,\"valueName\":\"search_term_string\"}}],\"inLanguage\":\"fr-FR\"},{\"@type\":\"Organization\",\"@id\":\"https:\\\/\\\/www.aligro.ch\\\/pages\\\/#organization\",\"name\":\"ALIGRO\",\"url\":\"https:\\\/\\\/www.aligro.ch\\\/pages\\\/\",\"logo\":{\"@type\":\"ImageObject\",\"inLanguage\":\"fr-FR\",\"@id\":\"https:\\\/\\\/www.aligro.ch\\\/pages\\\/#\\\/schema\\\/logo\\\/image\\\/\",\"url\":\"https:\\\/\\\/www.aligro.ch\\\/pages\\\/wp-content\\\/uploads\\\/2018\\\/10\\\/Logo@4x.png\",\"contentUrl\":\"https:\\\/\\\/www.aligro.ch\\\/pages\\\/wp-content\\\/uploads\\\/2018\\\/10\\\/Logo@4x.png\",\"width\":1831,\"height\":228,\"caption\":\"ALIGRO\"},\"image\":{\"@id\":\"https:\\\/\\\/www.aligro.ch\\\/pages\\\/#\\\/schema\\\/logo\\\/image\\\/\"},\"sameAs\":[\"https:\\\/\\\/fb.com\\\/aligrosuisse\"]},{\"@type\":\"Person\",\"@id\":\"https:\\\/\\\/www.aligro.ch\\\/pages\\\/#\\\/schema\\\/person\\\/777e796cd5f5445dc18658f0b9f9f016\",\"name\":\"Bryan.Dubuis\",\"image\":{\"@type\":\"ImageObject\",\"inLanguage\":\"fr-FR\",\"@id\":\"https:\\\/\\\/secure.gravatar.com\\\/avatar\\\/f25783eb6169c6f454c439b71266b12b0da0dcb30459ac01a1686f93320329e5?s=96&d=mm&r=g\",\"url\":\"https:\\\/\\\/secure.gravatar.com\\\/avatar\\\/f25783eb6169c6f454c439b71266b12b0da0dcb30459ac01a1686f93320329e5?s=96&d=mm&r=g\",\"contentUrl\":\"https:\\\/\\\/secure.gravatar.com\\\/avatar\\\/f25783eb6169c6f454c439b71266b12b0da0dcb30459ac01a1686f93320329e5?s=96&d=mm&r=g\",\"caption\":\"Bryan.Dubuis\"}}]}<\/script>\n<!-- \/ Yoast SEO plugin. -->","yoast_head_json":{"title":"Des conseils de professionnels sur les fruits de mer","description":"Le responsable de la poissonnerie de Chavannes, J\u00e9r\u00f4me Ranieri, nous pr\u00e9sente ses fruits de mer pr\u00e9f\u00e9r\u00e9s, des produits qu\u2019il aime d\u00e9guster lors des f\u00eates de fin d\u2019ann\u00e9e.","robots":{"index":"index","follow":"follow","max-snippet":"max-snippet:-1","max-image-preview":"max-image-preview:large","max-video-preview":"max-video-preview:-1"},"canonical":"https:\/\/www.aligro.ch\/pages\/fr\/news\/des-conseils-de-professionnels-sur-les-fruits-de-mer\/","og_locale":"fr_FR","og_type":"article","og_title":"Des conseils de professionnels sur les fruits de mer","og_description":"Le responsable de la poissonnerie de Chavannes, J\u00e9r\u00f4me Ranieri, nous pr\u00e9sente ses fruits de mer pr\u00e9f\u00e9r\u00e9s, des produits qu\u2019il aime d\u00e9guster lors des f\u00eates de fin d\u2019ann\u00e9e.","og_url":"https:\/\/www.aligro.ch\/pages\/fr\/news\/des-conseils-de-professionnels-sur-les-fruits-de-mer\/","og_site_name":"ALIGRO","article_publisher":"https:\/\/fb.com\/aligrosuisse","article_published_time":"2021-11-16T10:41:57+00:00","article_modified_time":"2021-11-16T14:01:14+00:00","og_image":[{"width":1920,"height":1053,"url":"https:\/\/www.aligro.ch\/pages\/wp-content\/uploads\/2021\/11\/Expert-crustaces1.jpg","type":"image\/jpeg"}],"author":"Bryan.Dubuis","twitter_card":"summary_large_image","twitter_misc":{"\u00c9crit par":"Bryan.Dubuis","Dur\u00e9e de lecture estim\u00e9e":"5 minutes"},"schema":{"@context":"https:\/\/schema.org","@graph":[{"@type":"Article","@id":"https:\/\/www.aligro.ch\/pages\/fr\/news\/des-conseils-de-professionnels-sur-les-fruits-de-mer\/#article","isPartOf":{"@id":"https:\/\/www.aligro.ch\/pages\/fr\/news\/des-conseils-de-professionnels-sur-les-fruits-de-mer\/"},"author":{"name":"Bryan.Dubuis","@id":"https:\/\/www.aligro.ch\/pages\/#\/schema\/person\/777e796cd5f5445dc18658f0b9f9f016"},"headline":"Des conseils de professionnels sur les fruits de mer","datePublished":"2021-11-16T10:41:57+00:00","dateModified":"2021-11-16T14:01:14+00:00","mainEntityOfPage":{"@id":"https:\/\/www.aligro.ch\/pages\/fr\/news\/des-conseils-de-professionnels-sur-les-fruits-de-mer\/"},"wordCount":1042,"publisher":{"@id":"https:\/\/www.aligro.ch\/pages\/#organization"},"image":{"@id":"https:\/\/www.aligro.ch\/pages\/fr\/news\/des-conseils-de-professionnels-sur-les-fruits-de-mer\/#primaryimage"},"thumbnailUrl":"https:\/\/www.aligro.ch\/pages\/wp-content\/uploads\/2021\/11\/Expert-crustaces1.jpg","articleSection":["Autre"],"inLanguage":"fr-FR"},{"@type":"WebPage","@id":"https:\/\/www.aligro.ch\/pages\/fr\/news\/des-conseils-de-professionnels-sur-les-fruits-de-mer\/","url":"https:\/\/www.aligro.ch\/pages\/fr\/news\/des-conseils-de-professionnels-sur-les-fruits-de-mer\/","name":"Des conseils de professionnels sur les fruits de mer","isPartOf":{"@id":"https:\/\/www.aligro.ch\/pages\/#website"},"primaryImageOfPage":{"@id":"https:\/\/www.aligro.ch\/pages\/fr\/news\/des-conseils-de-professionnels-sur-les-fruits-de-mer\/#primaryimage"},"image":{"@id":"https:\/\/www.aligro.ch\/pages\/fr\/news\/des-conseils-de-professionnels-sur-les-fruits-de-mer\/#primaryimage"},"thumbnailUrl":"https:\/\/www.aligro.ch\/pages\/wp-content\/uploads\/2021\/11\/Expert-crustaces1.jpg","datePublished":"2021-11-16T10:41:57+00:00","dateModified":"2021-11-16T14:01:14+00:00","description":"Le responsable de la poissonnerie de Chavannes, J\u00e9r\u00f4me Ranieri, nous pr\u00e9sente ses fruits de mer pr\u00e9f\u00e9r\u00e9s, des produits qu\u2019il aime d\u00e9guster lors des f\u00eates de fin d\u2019ann\u00e9e.","breadcrumb":{"@id":"https:\/\/www.aligro.ch\/pages\/fr\/news\/des-conseils-de-professionnels-sur-les-fruits-de-mer\/#breadcrumb"},"inLanguage":"fr-FR","potentialAction":[{"@type":"ReadAction","target":["https:\/\/www.aligro.ch\/pages\/fr\/news\/des-conseils-de-professionnels-sur-les-fruits-de-mer\/"]}]},{"@type":"ImageObject","inLanguage":"fr-FR","@id":"https:\/\/www.aligro.ch\/pages\/fr\/news\/des-conseils-de-professionnels-sur-les-fruits-de-mer\/#primaryimage","url":"https:\/\/www.aligro.ch\/pages\/wp-content\/uploads\/2021\/11\/Expert-crustaces1.jpg","contentUrl":"https:\/\/www.aligro.ch\/pages\/wp-content\/uploads\/2021\/11\/Expert-crustaces1.jpg","width":1920,"height":1053},{"@type":"BreadcrumbList","@id":"https:\/\/www.aligro.ch\/pages\/fr\/news\/des-conseils-de-professionnels-sur-les-fruits-de-mer\/#breadcrumb","itemListElement":[{"@type":"ListItem","position":1,"name":"Accueil","item":"https:\/\/www.aligro.ch\/pages\/de\/aligro-academy\/"},{"@type":"ListItem","position":2,"name":"Des conseils de professionnels sur les fruits de mer"}]},{"@type":"WebSite","@id":"https:\/\/www.aligro.ch\/pages\/#website","url":"https:\/\/www.aligro.ch\/pages\/","name":"ALIGRO","description":"Fra\u00eecheur. Qualit\u00e9. Inspiration.","publisher":{"@id":"https:\/\/www.aligro.ch\/pages\/#organization"},"potentialAction":[{"@type":"SearchAction","target":{"@type":"EntryPoint","urlTemplate":"https:\/\/www.aligro.ch\/pages\/?s={search_term_string}"},"query-input":{"@type":"PropertyValueSpecification","valueRequired":true,"valueName":"search_term_string"}}],"inLanguage":"fr-FR"},{"@type":"Organization","@id":"https:\/\/www.aligro.ch\/pages\/#organization","name":"ALIGRO","url":"https:\/\/www.aligro.ch\/pages\/","logo":{"@type":"ImageObject","inLanguage":"fr-FR","@id":"https:\/\/www.aligro.ch\/pages\/#\/schema\/logo\/image\/","url":"https:\/\/www.aligro.ch\/pages\/wp-content\/uploads\/2018\/10\/Logo@4x.png","contentUrl":"https:\/\/www.aligro.ch\/pages\/wp-content\/uploads\/2018\/10\/Logo@4x.png","width":1831,"height":228,"caption":"ALIGRO"},"image":{"@id":"https:\/\/www.aligro.ch\/pages\/#\/schema\/logo\/image\/"},"sameAs":["https:\/\/fb.com\/aligrosuisse"]},{"@type":"Person","@id":"https:\/\/www.aligro.ch\/pages\/#\/schema\/person\/777e796cd5f5445dc18658f0b9f9f016","name":"Bryan.Dubuis","image":{"@type":"ImageObject","inLanguage":"fr-FR","@id":"https:\/\/secure.gravatar.com\/avatar\/f25783eb6169c6f454c439b71266b12b0da0dcb30459ac01a1686f93320329e5?s=96&d=mm&r=g","url":"https:\/\/secure.gravatar.com\/avatar\/f25783eb6169c6f454c439b71266b12b0da0dcb30459ac01a1686f93320329e5?s=96&d=mm&r=g","contentUrl":"https:\/\/secure.gravatar.com\/avatar\/f25783eb6169c6f454c439b71266b12b0da0dcb30459ac01a1686f93320329e5?s=96&d=mm&r=g","caption":"Bryan.Dubuis"}}]}},"_links":{"self":[{"href":"https:\/\/www.aligro.ch\/pages\/wp-json\/wp\/v2\/posts\/35776","targetHints":{"allow":["GET"]}}],"collection":[{"href":"https:\/\/www.aligro.ch\/pages\/wp-json\/wp\/v2\/posts"}],"about":[{"href":"https:\/\/www.aligro.ch\/pages\/wp-json\/wp\/v2\/types\/post"}],"author":[{"embeddable":true,"href":"https:\/\/www.aligro.ch\/pages\/wp-json\/wp\/v2\/users\/7"}],"replies":[{"embeddable":true,"href":"https:\/\/www.aligro.ch\/pages\/wp-json\/wp\/v2\/comments?post=35776"}],"version-history":[{"count":5,"href":"https:\/\/www.aligro.ch\/pages\/wp-json\/wp\/v2\/posts\/35776\/revisions"}],"predecessor-version":[{"id":35832,"href":"https:\/\/www.aligro.ch\/pages\/wp-json\/wp\/v2\/posts\/35776\/revisions\/35832"}],"wp:featuredmedia":[{"embeddable":true,"href":"https:\/\/www.aligro.ch\/pages\/wp-json\/wp\/v2\/media\/35820"}],"wp:attachment":[{"href":"https:\/\/www.aligro.ch\/pages\/wp-json\/wp\/v2\/media?parent=35776"}],"wp:term":[{"taxonomy":"category","embeddable":true,"href":"https:\/\/www.aligro.ch\/pages\/wp-json\/wp\/v2\/categories?post=35776"},{"taxonomy":"post_tag","embeddable":true,"href":"https:\/\/www.aligro.ch\/pages\/wp-json\/wp\/v2\/tags?post=35776"}],"curies":[{"name":"wp","href":"https:\/\/api.w.org\/{rel}","templated":true}]}}