{"id":35697,"date":"2021-11-11T14:00:44","date_gmt":"2021-11-11T13:00:44","guid":{"rendered":"https:\/\/www.aligro.ch\/pages\/?p=35697"},"modified":"2021-11-11T15:28:02","modified_gmt":"2021-11-11T14:28:02","slug":"bruettisellen-mehr-als-53-jahre-erfahrung-im-dienste-der-kunden-und-ein-markt-im-neuen-kleid","status":"publish","type":"post","link":"https:\/\/www.aligro.ch\/pages\/de\/news\/bruettisellen-mehr-als-53-jahre-erfahrung-im-dienste-der-kunden-und-ein-markt-im-neuen-kleid\/","title":{"rendered":"Br\u00fcttisellen: Mehr als 53 Jahre Erfahrung im Dienste der Kunden und ein Markt im neuen Kleid"},"content":{"rendered":"<div class=\"wpb-content-wrapper\"><p>[vc_row][vc_column][vc_column_text]Nach ca. 9 Monaten Umbauphase wurde der ALIGRO-Markt Bru\u0308ttisellen Ende September fertiggestellt. Kunden sowie Mitarbeiter sind begeistert vom Ergebnis und alle sind bereit, das grosse Potenzial des neuen Marktes zu nutzen!<\/p>\n<p>Die Kunden des Aligro-Marktes in Br\u00fcttisellen k\u00f6nnen auf ein engagiertes Duo mit mehr als 53 Jahren Erfahrung im Kundendienst z\u00e4hlen.<\/p>\n<p>Ren\u00e9 Schmid vom Kundenservice ist ein Verkaufsprofi mit langj\u00e4hriger Erfahrung, der seit 1997 im Cash &amp; Carry-Gesch\u00e4ft t\u00e4tig ist. \u00abDie Profikunden sind zu Recht sehr anspruchsvoll. Um ihren Bed\u00fcrfnissen gerecht zu werden, bleiben Sie in meinem Fokus stets als VIP-Kunden.<\/p>\n<p>Mirko Djeric ist Marktleiter von Bru\u0308ttisellen seit 2014. Zuvor war er selbstst\u00e4ndiger Detaillist und arbeitete auch bei PickPay, Denner und TopCC. Seine langj\u00e4hrige Erfahrung hilft ihm, t\u00e4glich L\u00f6sungen f\u00fcr die Anforderungen seiner Kunden zu finden. \u00abW\u00e4hrend der Umbauphase lag der Fokus bei meinen Mitarbeitern, Sie haben die Herausforderungen mit grosser Leistung und Flexibilit\u00e4t gemeistert. Ich gratuliere ihnen, denn es war nicht jeden Tag einfach.\u00bb<\/p>\n<p>Beide sind sich einig: \u00abMit unserem renovierten Markt werden wir die Kundenzufriedenheit weiter steigern k\u00f6nnen. Wir freuen uns darauf!\u00bb[\/vc_column_text][\/vc_column][\/vc_row]<\/p>\n<\/div>","protected":false},"excerpt":{"rendered":"<p>[vc_row][vc_column][vc_column_text]Nach ca. 9 Monaten Umbauphase wurde der ALIGRO-Markt Bru\u0308ttisellen Ende September fertiggestellt. Kunden sowie Mitarbeiter sind begeistert vom<a class=\"moretag\" href=\"https:\/\/www.aligro.ch\/pages\/de\/news\/bruettisellen-mehr-als-53-jahre-erfahrung-im-dienste-der-kunden-und-ein-markt-im-neuen-kleid\/\"> &#8230;<\/a><\/p>\n","protected":false},"author":7,"featured_media":35711,"comment_status":"closed","ping_status":"closed","sticky":false,"template":"","format":"standard","meta":{"_acf_changed":false,"footnotes":""},"categories":[7],"tags":[],"class_list":["post-35697","post","type-post","status-publish","format-standard","has-post-thumbnail","hentry","category-andere"],"acf":[],"yoast_head":"<!-- This site is optimized with the Yoast SEO plugin v27.4 - https:\/\/yoast.com\/product\/yoast-seo-wordpress\/ -->\n<title>Br\u00fcttisellen: Mehr als 53 Jahre Erfahrung im Dienste der Kunden und ein Markt im neuen Kleid<\/title>\n<meta name=\"description\" content=\"Entdecken Sie Ren\u00e9 Schmid und Mirko Djeric, ein engagiertes Duo, das sich im neu renovierten Markt in Br\u00fcttisellen voll und ganz seinen Kunden widmet\" \/>\n<meta name=\"robots\" content=\"index, follow, max-snippet:-1, max-image-preview:large, max-video-preview:-1\" \/>\n<link rel=\"canonical\" href=\"https:\/\/www.aligro.ch\/pages\/de\/news\/bruettisellen-mehr-als-53-jahre-erfahrung-im-dienste-der-kunden-und-ein-markt-im-neuen-kleid\/\" \/>\n<meta property=\"og:locale\" content=\"fr_FR\" \/>\n<meta property=\"og:type\" content=\"article\" \/>\n<meta property=\"og:title\" content=\"Br\u00fcttisellen: Mehr als 53 Jahre Erfahrung im Dienste der Kunden und ein Markt im neuen Kleid\" \/>\n<meta property=\"og:description\" content=\"Entdecken Sie Ren\u00e9 Schmid und Mirko Djeric, ein engagiertes Duo, das sich im neu renovierten Markt in Br\u00fcttisellen voll und ganz seinen Kunden widmet\" \/>\n<meta property=\"og:url\" content=\"https:\/\/www.aligro.ch\/pages\/de\/news\/bruettisellen-mehr-als-53-jahre-erfahrung-im-dienste-der-kunden-und-ein-markt-im-neuen-kleid\/\" \/>\n<meta property=\"og:site_name\" content=\"ALIGRO\" \/>\n<meta property=\"article:publisher\" content=\"https:\/\/fb.com\/aligrosuisse\" \/>\n<meta property=\"article:published_time\" content=\"2021-11-11T13:00:44+00:00\" \/>\n<meta property=\"article:modified_time\" content=\"2021-11-11T14:28:02+00:00\" \/>\n<meta property=\"og:image\" content=\"https:\/\/www.aligro.ch\/pages\/wp-content\/uploads\/2021\/11\/Rene-Mirko-cover3-1.jpg\" \/>\n\t<meta property=\"og:image:width\" content=\"1920\" \/>\n\t<meta property=\"og:image:height\" content=\"1821\" \/>\n\t<meta property=\"og:image:type\" content=\"image\/jpeg\" \/>\n<meta name=\"author\" content=\"Bryan.Dubuis\" \/>\n<meta name=\"twitter:card\" content=\"summary_large_image\" \/>\n<meta name=\"twitter:label1\" content=\"\u00c9crit par\" \/>\n\t<meta name=\"twitter:data1\" content=\"Bryan.Dubuis\" \/>\n\t<meta name=\"twitter:label2\" content=\"Dur\u00e9e de lecture estim\u00e9e\" \/>\n\t<meta name=\"twitter:data2\" content=\"1 minute\" \/>\n<script type=\"application\/ld+json\" class=\"yoast-schema-graph\">{\"@context\":\"https:\\\/\\\/schema.org\",\"@graph\":[{\"@type\":\"Article\",\"@id\":\"https:\\\/\\\/www.aligro.ch\\\/pages\\\/de\\\/news\\\/bruettisellen-mehr-als-53-jahre-erfahrung-im-dienste-der-kunden-und-ein-markt-im-neuen-kleid\\\/#article\",\"isPartOf\":{\"@id\":\"https:\\\/\\\/www.aligro.ch\\\/pages\\\/de\\\/news\\\/bruettisellen-mehr-als-53-jahre-erfahrung-im-dienste-der-kunden-und-ein-markt-im-neuen-kleid\\\/\"},\"author\":{\"name\":\"Bryan.Dubuis\",\"@id\":\"https:\\\/\\\/www.aligro.ch\\\/pages\\\/#\\\/schema\\\/person\\\/777e796cd5f5445dc18658f0b9f9f016\"},\"headline\":\"Br\u00fcttisellen: Mehr als 53 Jahre Erfahrung im Dienste der Kunden und ein Markt im neuen Kleid\",\"datePublished\":\"2021-11-11T13:00:44+00:00\",\"dateModified\":\"2021-11-11T14:28:02+00:00\",\"mainEntityOfPage\":{\"@id\":\"https:\\\/\\\/www.aligro.ch\\\/pages\\\/de\\\/news\\\/bruettisellen-mehr-als-53-jahre-erfahrung-im-dienste-der-kunden-und-ein-markt-im-neuen-kleid\\\/\"},\"wordCount\":217,\"publisher\":{\"@id\":\"https:\\\/\\\/www.aligro.ch\\\/pages\\\/#organization\"},\"image\":{\"@id\":\"https:\\\/\\\/www.aligro.ch\\\/pages\\\/de\\\/news\\\/bruettisellen-mehr-als-53-jahre-erfahrung-im-dienste-der-kunden-und-ein-markt-im-neuen-kleid\\\/#primaryimage\"},\"thumbnailUrl\":\"https:\\\/\\\/www.aligro.ch\\\/pages\\\/wp-content\\\/uploads\\\/2021\\\/11\\\/Rene-Mirko-cover3-1.jpg\",\"articleSection\":[\"Andere\"],\"inLanguage\":\"fr-FR\"},{\"@type\":\"WebPage\",\"@id\":\"https:\\\/\\\/www.aligro.ch\\\/pages\\\/de\\\/news\\\/bruettisellen-mehr-als-53-jahre-erfahrung-im-dienste-der-kunden-und-ein-markt-im-neuen-kleid\\\/\",\"url\":\"https:\\\/\\\/www.aligro.ch\\\/pages\\\/de\\\/news\\\/bruettisellen-mehr-als-53-jahre-erfahrung-im-dienste-der-kunden-und-ein-markt-im-neuen-kleid\\\/\",\"name\":\"Br\u00fcttisellen: Mehr als 53 Jahre Erfahrung im Dienste der Kunden und ein Markt im neuen Kleid\",\"isPartOf\":{\"@id\":\"https:\\\/\\\/www.aligro.ch\\\/pages\\\/#website\"},\"primaryImageOfPage\":{\"@id\":\"https:\\\/\\\/www.aligro.ch\\\/pages\\\/de\\\/news\\\/bruettisellen-mehr-als-53-jahre-erfahrung-im-dienste-der-kunden-und-ein-markt-im-neuen-kleid\\\/#primaryimage\"},\"image\":{\"@id\":\"https:\\\/\\\/www.aligro.ch\\\/pages\\\/de\\\/news\\\/bruettisellen-mehr-als-53-jahre-erfahrung-im-dienste-der-kunden-und-ein-markt-im-neuen-kleid\\\/#primaryimage\"},\"thumbnailUrl\":\"https:\\\/\\\/www.aligro.ch\\\/pages\\\/wp-content\\\/uploads\\\/2021\\\/11\\\/Rene-Mirko-cover3-1.jpg\",\"datePublished\":\"2021-11-11T13:00:44+00:00\",\"dateModified\":\"2021-11-11T14:28:02+00:00\",\"description\":\"Entdecken Sie Ren\u00e9 Schmid und Mirko Djeric, ein engagiertes Duo, das sich im neu renovierten Markt in Br\u00fcttisellen voll und ganz seinen Kunden widmet\",\"breadcrumb\":{\"@id\":\"https:\\\/\\\/www.aligro.ch\\\/pages\\\/de\\\/news\\\/bruettisellen-mehr-als-53-jahre-erfahrung-im-dienste-der-kunden-und-ein-markt-im-neuen-kleid\\\/#breadcrumb\"},\"inLanguage\":\"fr-FR\",\"potentialAction\":[{\"@type\":\"ReadAction\",\"target\":[\"https:\\\/\\\/www.aligro.ch\\\/pages\\\/de\\\/news\\\/bruettisellen-mehr-als-53-jahre-erfahrung-im-dienste-der-kunden-und-ein-markt-im-neuen-kleid\\\/\"]}]},{\"@type\":\"ImageObject\",\"inLanguage\":\"fr-FR\",\"@id\":\"https:\\\/\\\/www.aligro.ch\\\/pages\\\/de\\\/news\\\/bruettisellen-mehr-als-53-jahre-erfahrung-im-dienste-der-kunden-und-ein-markt-im-neuen-kleid\\\/#primaryimage\",\"url\":\"https:\\\/\\\/www.aligro.ch\\\/pages\\\/wp-content\\\/uploads\\\/2021\\\/11\\\/Rene-Mirko-cover3-1.jpg\",\"contentUrl\":\"https:\\\/\\\/www.aligro.ch\\\/pages\\\/wp-content\\\/uploads\\\/2021\\\/11\\\/Rene-Mirko-cover3-1.jpg\",\"width\":1920,\"height\":1821},{\"@type\":\"BreadcrumbList\",\"@id\":\"https:\\\/\\\/www.aligro.ch\\\/pages\\\/de\\\/news\\\/bruettisellen-mehr-als-53-jahre-erfahrung-im-dienste-der-kunden-und-ein-markt-im-neuen-kleid\\\/#breadcrumb\",\"itemListElement\":[{\"@type\":\"ListItem\",\"position\":1,\"name\":\"Accueil\",\"item\":\"https:\\\/\\\/www.aligro.ch\\\/pages\\\/de\\\/aligro-academy\\\/\"},{\"@type\":\"ListItem\",\"position\":2,\"name\":\"Br\u00fcttisellen: Mehr als 53 Jahre Erfahrung im Dienste der Kunden und ein Markt im neuen Kleid\"}]},{\"@type\":\"WebSite\",\"@id\":\"https:\\\/\\\/www.aligro.ch\\\/pages\\\/#website\",\"url\":\"https:\\\/\\\/www.aligro.ch\\\/pages\\\/\",\"name\":\"ALIGRO\",\"description\":\"Fra\u00eecheur. Qualit\u00e9. Inspiration.\",\"publisher\":{\"@id\":\"https:\\\/\\\/www.aligro.ch\\\/pages\\\/#organization\"},\"potentialAction\":[{\"@type\":\"SearchAction\",\"target\":{\"@type\":\"EntryPoint\",\"urlTemplate\":\"https:\\\/\\\/www.aligro.ch\\\/pages\\\/?s={search_term_string}\"},\"query-input\":{\"@type\":\"PropertyValueSpecification\",\"valueRequired\":true,\"valueName\":\"search_term_string\"}}],\"inLanguage\":\"fr-FR\"},{\"@type\":\"Organization\",\"@id\":\"https:\\\/\\\/www.aligro.ch\\\/pages\\\/#organization\",\"name\":\"ALIGRO\",\"url\":\"https:\\\/\\\/www.aligro.ch\\\/pages\\\/\",\"logo\":{\"@type\":\"ImageObject\",\"inLanguage\":\"fr-FR\",\"@id\":\"https:\\\/\\\/www.aligro.ch\\\/pages\\\/#\\\/schema\\\/logo\\\/image\\\/\",\"url\":\"https:\\\/\\\/www.aligro.ch\\\/pages\\\/wp-content\\\/uploads\\\/2018\\\/10\\\/Logo@4x.png\",\"contentUrl\":\"https:\\\/\\\/www.aligro.ch\\\/pages\\\/wp-content\\\/uploads\\\/2018\\\/10\\\/Logo@4x.png\",\"width\":1831,\"height\":228,\"caption\":\"ALIGRO\"},\"image\":{\"@id\":\"https:\\\/\\\/www.aligro.ch\\\/pages\\\/#\\\/schema\\\/logo\\\/image\\\/\"},\"sameAs\":[\"https:\\\/\\\/fb.com\\\/aligrosuisse\"]},{\"@type\":\"Person\",\"@id\":\"https:\\\/\\\/www.aligro.ch\\\/pages\\\/#\\\/schema\\\/person\\\/777e796cd5f5445dc18658f0b9f9f016\",\"name\":\"Bryan.Dubuis\",\"image\":{\"@type\":\"ImageObject\",\"inLanguage\":\"fr-FR\",\"@id\":\"https:\\\/\\\/secure.gravatar.com\\\/avatar\\\/f25783eb6169c6f454c439b71266b12b0da0dcb30459ac01a1686f93320329e5?s=96&d=mm&r=g\",\"url\":\"https:\\\/\\\/secure.gravatar.com\\\/avatar\\\/f25783eb6169c6f454c439b71266b12b0da0dcb30459ac01a1686f93320329e5?s=96&d=mm&r=g\",\"contentUrl\":\"https:\\\/\\\/secure.gravatar.com\\\/avatar\\\/f25783eb6169c6f454c439b71266b12b0da0dcb30459ac01a1686f93320329e5?s=96&d=mm&r=g\",\"caption\":\"Bryan.Dubuis\"}}]}<\/script>\n<!-- \/ Yoast SEO plugin. -->","yoast_head_json":{"title":"Br\u00fcttisellen: Mehr als 53 Jahre Erfahrung im Dienste der Kunden und ein Markt im neuen Kleid","description":"Entdecken Sie Ren\u00e9 Schmid und Mirko Djeric, ein engagiertes Duo, das sich im neu renovierten Markt in Br\u00fcttisellen voll und ganz seinen Kunden widmet","robots":{"index":"index","follow":"follow","max-snippet":"max-snippet:-1","max-image-preview":"max-image-preview:large","max-video-preview":"max-video-preview:-1"},"canonical":"https:\/\/www.aligro.ch\/pages\/de\/news\/bruettisellen-mehr-als-53-jahre-erfahrung-im-dienste-der-kunden-und-ein-markt-im-neuen-kleid\/","og_locale":"fr_FR","og_type":"article","og_title":"Br\u00fcttisellen: Mehr als 53 Jahre Erfahrung im Dienste der Kunden und ein Markt im neuen Kleid","og_description":"Entdecken Sie Ren\u00e9 Schmid und Mirko Djeric, ein engagiertes Duo, das sich im neu renovierten Markt in Br\u00fcttisellen voll und ganz seinen Kunden widmet","og_url":"https:\/\/www.aligro.ch\/pages\/de\/news\/bruettisellen-mehr-als-53-jahre-erfahrung-im-dienste-der-kunden-und-ein-markt-im-neuen-kleid\/","og_site_name":"ALIGRO","article_publisher":"https:\/\/fb.com\/aligrosuisse","article_published_time":"2021-11-11T13:00:44+00:00","article_modified_time":"2021-11-11T14:28:02+00:00","og_image":[{"width":1920,"height":1821,"url":"https:\/\/www.aligro.ch\/pages\/wp-content\/uploads\/2021\/11\/Rene-Mirko-cover3-1.jpg","type":"image\/jpeg"}],"author":"Bryan.Dubuis","twitter_card":"summary_large_image","twitter_misc":{"\u00c9crit par":"Bryan.Dubuis","Dur\u00e9e de lecture estim\u00e9e":"1 minute"},"schema":{"@context":"https:\/\/schema.org","@graph":[{"@type":"Article","@id":"https:\/\/www.aligro.ch\/pages\/de\/news\/bruettisellen-mehr-als-53-jahre-erfahrung-im-dienste-der-kunden-und-ein-markt-im-neuen-kleid\/#article","isPartOf":{"@id":"https:\/\/www.aligro.ch\/pages\/de\/news\/bruettisellen-mehr-als-53-jahre-erfahrung-im-dienste-der-kunden-und-ein-markt-im-neuen-kleid\/"},"author":{"name":"Bryan.Dubuis","@id":"https:\/\/www.aligro.ch\/pages\/#\/schema\/person\/777e796cd5f5445dc18658f0b9f9f016"},"headline":"Br\u00fcttisellen: Mehr als 53 Jahre Erfahrung im Dienste der Kunden und ein Markt im neuen Kleid","datePublished":"2021-11-11T13:00:44+00:00","dateModified":"2021-11-11T14:28:02+00:00","mainEntityOfPage":{"@id":"https:\/\/www.aligro.ch\/pages\/de\/news\/bruettisellen-mehr-als-53-jahre-erfahrung-im-dienste-der-kunden-und-ein-markt-im-neuen-kleid\/"},"wordCount":217,"publisher":{"@id":"https:\/\/www.aligro.ch\/pages\/#organization"},"image":{"@id":"https:\/\/www.aligro.ch\/pages\/de\/news\/bruettisellen-mehr-als-53-jahre-erfahrung-im-dienste-der-kunden-und-ein-markt-im-neuen-kleid\/#primaryimage"},"thumbnailUrl":"https:\/\/www.aligro.ch\/pages\/wp-content\/uploads\/2021\/11\/Rene-Mirko-cover3-1.jpg","articleSection":["Andere"],"inLanguage":"fr-FR"},{"@type":"WebPage","@id":"https:\/\/www.aligro.ch\/pages\/de\/news\/bruettisellen-mehr-als-53-jahre-erfahrung-im-dienste-der-kunden-und-ein-markt-im-neuen-kleid\/","url":"https:\/\/www.aligro.ch\/pages\/de\/news\/bruettisellen-mehr-als-53-jahre-erfahrung-im-dienste-der-kunden-und-ein-markt-im-neuen-kleid\/","name":"Br\u00fcttisellen: Mehr als 53 Jahre Erfahrung im Dienste der Kunden und ein Markt im neuen Kleid","isPartOf":{"@id":"https:\/\/www.aligro.ch\/pages\/#website"},"primaryImageOfPage":{"@id":"https:\/\/www.aligro.ch\/pages\/de\/news\/bruettisellen-mehr-als-53-jahre-erfahrung-im-dienste-der-kunden-und-ein-markt-im-neuen-kleid\/#primaryimage"},"image":{"@id":"https:\/\/www.aligro.ch\/pages\/de\/news\/bruettisellen-mehr-als-53-jahre-erfahrung-im-dienste-der-kunden-und-ein-markt-im-neuen-kleid\/#primaryimage"},"thumbnailUrl":"https:\/\/www.aligro.ch\/pages\/wp-content\/uploads\/2021\/11\/Rene-Mirko-cover3-1.jpg","datePublished":"2021-11-11T13:00:44+00:00","dateModified":"2021-11-11T14:28:02+00:00","description":"Entdecken Sie Ren\u00e9 Schmid und Mirko Djeric, ein engagiertes Duo, das sich im neu renovierten Markt in Br\u00fcttisellen voll und ganz seinen Kunden widmet","breadcrumb":{"@id":"https:\/\/www.aligro.ch\/pages\/de\/news\/bruettisellen-mehr-als-53-jahre-erfahrung-im-dienste-der-kunden-und-ein-markt-im-neuen-kleid\/#breadcrumb"},"inLanguage":"fr-FR","potentialAction":[{"@type":"ReadAction","target":["https:\/\/www.aligro.ch\/pages\/de\/news\/bruettisellen-mehr-als-53-jahre-erfahrung-im-dienste-der-kunden-und-ein-markt-im-neuen-kleid\/"]}]},{"@type":"ImageObject","inLanguage":"fr-FR","@id":"https:\/\/www.aligro.ch\/pages\/de\/news\/bruettisellen-mehr-als-53-jahre-erfahrung-im-dienste-der-kunden-und-ein-markt-im-neuen-kleid\/#primaryimage","url":"https:\/\/www.aligro.ch\/pages\/wp-content\/uploads\/2021\/11\/Rene-Mirko-cover3-1.jpg","contentUrl":"https:\/\/www.aligro.ch\/pages\/wp-content\/uploads\/2021\/11\/Rene-Mirko-cover3-1.jpg","width":1920,"height":1821},{"@type":"BreadcrumbList","@id":"https:\/\/www.aligro.ch\/pages\/de\/news\/bruettisellen-mehr-als-53-jahre-erfahrung-im-dienste-der-kunden-und-ein-markt-im-neuen-kleid\/#breadcrumb","itemListElement":[{"@type":"ListItem","position":1,"name":"Accueil","item":"https:\/\/www.aligro.ch\/pages\/de\/aligro-academy\/"},{"@type":"ListItem","position":2,"name":"Br\u00fcttisellen: Mehr als 53 Jahre Erfahrung im Dienste der Kunden und ein Markt im neuen Kleid"}]},{"@type":"WebSite","@id":"https:\/\/www.aligro.ch\/pages\/#website","url":"https:\/\/www.aligro.ch\/pages\/","name":"ALIGRO","description":"Fra\u00eecheur. Qualit\u00e9. Inspiration.","publisher":{"@id":"https:\/\/www.aligro.ch\/pages\/#organization"},"potentialAction":[{"@type":"SearchAction","target":{"@type":"EntryPoint","urlTemplate":"https:\/\/www.aligro.ch\/pages\/?s={search_term_string}"},"query-input":{"@type":"PropertyValueSpecification","valueRequired":true,"valueName":"search_term_string"}}],"inLanguage":"fr-FR"},{"@type":"Organization","@id":"https:\/\/www.aligro.ch\/pages\/#organization","name":"ALIGRO","url":"https:\/\/www.aligro.ch\/pages\/","logo":{"@type":"ImageObject","inLanguage":"fr-FR","@id":"https:\/\/www.aligro.ch\/pages\/#\/schema\/logo\/image\/","url":"https:\/\/www.aligro.ch\/pages\/wp-content\/uploads\/2018\/10\/Logo@4x.png","contentUrl":"https:\/\/www.aligro.ch\/pages\/wp-content\/uploads\/2018\/10\/Logo@4x.png","width":1831,"height":228,"caption":"ALIGRO"},"image":{"@id":"https:\/\/www.aligro.ch\/pages\/#\/schema\/logo\/image\/"},"sameAs":["https:\/\/fb.com\/aligrosuisse"]},{"@type":"Person","@id":"https:\/\/www.aligro.ch\/pages\/#\/schema\/person\/777e796cd5f5445dc18658f0b9f9f016","name":"Bryan.Dubuis","image":{"@type":"ImageObject","inLanguage":"fr-FR","@id":"https:\/\/secure.gravatar.com\/avatar\/f25783eb6169c6f454c439b71266b12b0da0dcb30459ac01a1686f93320329e5?s=96&d=mm&r=g","url":"https:\/\/secure.gravatar.com\/avatar\/f25783eb6169c6f454c439b71266b12b0da0dcb30459ac01a1686f93320329e5?s=96&d=mm&r=g","contentUrl":"https:\/\/secure.gravatar.com\/avatar\/f25783eb6169c6f454c439b71266b12b0da0dcb30459ac01a1686f93320329e5?s=96&d=mm&r=g","caption":"Bryan.Dubuis"}}]}},"_links":{"self":[{"href":"https:\/\/www.aligro.ch\/pages\/wp-json\/wp\/v2\/posts\/35697","targetHints":{"allow":["GET"]}}],"collection":[{"href":"https:\/\/www.aligro.ch\/pages\/wp-json\/wp\/v2\/posts"}],"about":[{"href":"https:\/\/www.aligro.ch\/pages\/wp-json\/wp\/v2\/types\/post"}],"author":[{"embeddable":true,"href":"https:\/\/www.aligro.ch\/pages\/wp-json\/wp\/v2\/users\/7"}],"replies":[{"embeddable":true,"href":"https:\/\/www.aligro.ch\/pages\/wp-json\/wp\/v2\/comments?post=35697"}],"version-history":[{"count":1,"href":"https:\/\/www.aligro.ch\/pages\/wp-json\/wp\/v2\/posts\/35697\/revisions"}],"predecessor-version":[{"id":35698,"href":"https:\/\/www.aligro.ch\/pages\/wp-json\/wp\/v2\/posts\/35697\/revisions\/35698"}],"wp:featuredmedia":[{"embeddable":true,"href":"https:\/\/www.aligro.ch\/pages\/wp-json\/wp\/v2\/media\/35711"}],"wp:attachment":[{"href":"https:\/\/www.aligro.ch\/pages\/wp-json\/wp\/v2\/media?parent=35697"}],"wp:term":[{"taxonomy":"category","embeddable":true,"href":"https:\/\/www.aligro.ch\/pages\/wp-json\/wp\/v2\/categories?post=35697"},{"taxonomy":"post_tag","embeddable":true,"href":"https:\/\/www.aligro.ch\/pages\/wp-json\/wp\/v2\/tags?post=35697"}],"curies":[{"name":"wp","href":"https:\/\/api.w.org\/{rel}","templated":true}]}}