{"id":35688,"date":"2021-11-11T14:00:48","date_gmt":"2021-11-11T13:00:48","guid":{"rendered":"https:\/\/www.aligro.ch\/pages\/?p=35688"},"modified":"2021-11-11T15:27:40","modified_gmt":"2021-11-11T14:27:40","slug":"bruttisellen-plus-de-53-ans-dexperience-au-service-des-clients-et-un-marche-comme-neuf","status":"publish","type":"post","link":"https:\/\/www.aligro.ch\/pages\/fr\/news\/bruttisellen-plus-de-53-ans-dexperience-au-service-des-clients-et-un-marche-comme-neuf\/","title":{"rendered":"Br\u00fcttisellen : plus de 53 ans d\u2019exp\u00e9rience au service des clients et un march\u00e9 comme neuf"},"content":{"rendered":"<div class=\"wpb-content-wrapper\"><p>[vc_row][vc_column][vc_column_text]La r\u00e9novation du march\u00e9 zurichois s\u2019est achev\u00e9e \u00e0 la fin du mois de septembre, apr\u00e8s 9 mois de travaux. Les clients ainsi que les collaborateurs sont ravis du r\u00e9sultat et tous profitent d\u00e9sormais de l\u2019immense potentiel du nouveau march\u00e9 de Br\u00fcttisellen\u00a0!<\/p>\n<p>La client\u00e8le d\u2019ALIGRO Br\u00fcttisellen peut compter sur un duo enthousiaste, qui compte plus de 53 ans d\u2019exp\u00e9rience au service des clients, lui \u00e9tant compl\u00e9tement d\u00e9vou\u00e9.<\/p>\n<p>Ren\u00e9 Schmid, du Service client\u00e8le, est un professionnel de la vente au b\u00e9n\u00e9fice d\u2019une longue exp\u00e9rience, puis qu\u2019il est actif dans le secteur du Cash &amp; Carry depuis 1997. \u00ab\u00a0Les clients professionnels sont exigeants, \u00e0 juste titre\u00a0! Afin de r\u00e9pondre \u00e0 leurs besoins, ils sont en permanence sur mon radar et je les consid\u00e8re comme mes clients VIP.\u00a0\u00bb<\/p>\n<p>Mirko Djeric, est le responsable du march\u00e9 de Bru\u0308ttisellen depuis 2014. Auparavant, il a \u00e9t\u00e9 d\u00e9taillant ind\u00e9pendant et a \u00e9galement travaill\u00e9 pour PickPay, Denner et TopCC. Ses nombreuses ann\u00e9es d&rsquo;exp\u00e9rience l&rsquo;aident \u00e0 trouver chaque jour des solutions pour satisfaire aux exigences de ses clients. \u00ab\u00a0Pendant la phase de r\u00e9novation, l&rsquo;accent a toujours \u00e9t\u00e9 mis sur mes employ\u00e9s, qui ont relev\u00e9 les d\u00e9fis rencontr\u00e9s avec brio gr\u00e2ce \u00e0 une grande flexibilit\u00e9. Je les f\u00e9licite car la situation n\u2019\u00e9tait pas facile tous les jours.\u00a0\u00bb<\/p>\n<p>Tous les deux sont unanimes : \u00ab Avec notre march\u00e9 r\u00e9nov\u00e9, nous allons pouvoir encore \u00e9lever le niveau de satisfaction des clients. Nous nous en r\u00e9jouissons ! \u00bb[\/vc_column_text][vc_single_image image=\u00a0\u00bb35694&Prime; img_size=\u00a0\u00bbfull\u00a0\u00bb alignment=\u00a0\u00bbcenter\u00a0\u00bb][\/vc_column][\/vc_row]<\/p>\n<\/div>","protected":false},"excerpt":{"rendered":"<p>[vc_row][vc_column][vc_column_text]La r\u00e9novation du march\u00e9 zurichois s\u2019est achev\u00e9e \u00e0 la fin du mois de septembre, apr\u00e8s 9 mois de<a class=\"moretag\" href=\"https:\/\/www.aligro.ch\/pages\/fr\/news\/bruttisellen-plus-de-53-ans-dexperience-au-service-des-clients-et-un-marche-comme-neuf\/\"> &#8230;<\/a><\/p>\n","protected":false},"author":7,"featured_media":35710,"comment_status":"closed","ping_status":"closed","sticky":false,"template":"","format":"standard","meta":{"_acf_changed":false,"footnotes":""},"categories":[1],"tags":[],"class_list":["post-35688","post","type-post","status-publish","format-standard","has-post-thumbnail","hentry","category-autre"],"acf":[],"yoast_head":"<!-- This site is optimized with the Yoast SEO plugin v27.4 - https:\/\/yoast.com\/product\/yoast-seo-wordpress\/ -->\n<title>Br\u00fcttisellen : plus de 53 ans d\u2019exp\u00e9rience au service des clients et un march\u00e9 comme neuf<\/title>\n<meta name=\"description\" content=\"D\u00e9couvrez Ren\u00e9 Schmid et Mirko Djeric, un duo enthousiaste compl\u00e9tement d\u00e9vou\u00e9 \u00e0 sa client\u00e8le dans le march\u00e9 fra\u00eechement r\u00e9nov\u00e9 de Br\u00fcttisellen\" \/>\n<meta name=\"robots\" content=\"index, follow, max-snippet:-1, max-image-preview:large, max-video-preview:-1\" \/>\n<link rel=\"canonical\" href=\"https:\/\/www.aligro.ch\/pages\/fr\/news\/bruttisellen-plus-de-53-ans-dexperience-au-service-des-clients-et-un-marche-comme-neuf\/\" \/>\n<meta property=\"og:locale\" content=\"fr_FR\" \/>\n<meta property=\"og:type\" content=\"article\" \/>\n<meta property=\"og:title\" content=\"Br\u00fcttisellen : plus de 53 ans d\u2019exp\u00e9rience au service des clients et un march\u00e9 comme neuf\" \/>\n<meta property=\"og:description\" content=\"D\u00e9couvrez Ren\u00e9 Schmid et Mirko Djeric, un duo enthousiaste compl\u00e9tement d\u00e9vou\u00e9 \u00e0 sa client\u00e8le dans le march\u00e9 fra\u00eechement r\u00e9nov\u00e9 de Br\u00fcttisellen\" \/>\n<meta property=\"og:url\" content=\"https:\/\/www.aligro.ch\/pages\/fr\/news\/bruttisellen-plus-de-53-ans-dexperience-au-service-des-clients-et-un-marche-comme-neuf\/\" \/>\n<meta property=\"og:site_name\" content=\"ALIGRO\" \/>\n<meta property=\"article:publisher\" content=\"https:\/\/fb.com\/aligrosuisse\" \/>\n<meta property=\"article:published_time\" content=\"2021-11-11T13:00:48+00:00\" \/>\n<meta property=\"article:modified_time\" content=\"2021-11-11T14:27:40+00:00\" \/>\n<meta property=\"og:image\" content=\"https:\/\/www.aligro.ch\/pages\/wp-content\/uploads\/2021\/11\/Rene-Mirko-cover3.jpg\" \/>\n\t<meta property=\"og:image:width\" content=\"1920\" \/>\n\t<meta property=\"og:image:height\" content=\"1821\" \/>\n\t<meta property=\"og:image:type\" content=\"image\/jpeg\" \/>\n<meta name=\"author\" content=\"Bryan.Dubuis\" \/>\n<meta name=\"twitter:card\" content=\"summary_large_image\" \/>\n<meta name=\"twitter:label1\" content=\"\u00c9crit par\" \/>\n\t<meta name=\"twitter:data1\" content=\"Bryan.Dubuis\" \/>\n\t<meta name=\"twitter:label2\" content=\"Dur\u00e9e de lecture estim\u00e9e\" \/>\n\t<meta name=\"twitter:data2\" content=\"2 minutes\" \/>\n<script type=\"application\/ld+json\" class=\"yoast-schema-graph\">{\"@context\":\"https:\\\/\\\/schema.org\",\"@graph\":[{\"@type\":\"Article\",\"@id\":\"https:\\\/\\\/www.aligro.ch\\\/pages\\\/fr\\\/news\\\/bruttisellen-plus-de-53-ans-dexperience-au-service-des-clients-et-un-marche-comme-neuf\\\/#article\",\"isPartOf\":{\"@id\":\"https:\\\/\\\/www.aligro.ch\\\/pages\\\/fr\\\/news\\\/bruttisellen-plus-de-53-ans-dexperience-au-service-des-clients-et-un-marche-comme-neuf\\\/\"},\"author\":{\"name\":\"Bryan.Dubuis\",\"@id\":\"https:\\\/\\\/www.aligro.ch\\\/pages\\\/#\\\/schema\\\/person\\\/777e796cd5f5445dc18658f0b9f9f016\"},\"headline\":\"Br\u00fcttisellen : plus de 53 ans d\u2019exp\u00e9rience au service des clients et un march\u00e9 comme neuf\",\"datePublished\":\"2021-11-11T13:00:48+00:00\",\"dateModified\":\"2021-11-11T14:27:40+00:00\",\"mainEntityOfPage\":{\"@id\":\"https:\\\/\\\/www.aligro.ch\\\/pages\\\/fr\\\/news\\\/bruttisellen-plus-de-53-ans-dexperience-au-service-des-clients-et-un-marche-comme-neuf\\\/\"},\"wordCount\":301,\"publisher\":{\"@id\":\"https:\\\/\\\/www.aligro.ch\\\/pages\\\/#organization\"},\"image\":{\"@id\":\"https:\\\/\\\/www.aligro.ch\\\/pages\\\/fr\\\/news\\\/bruttisellen-plus-de-53-ans-dexperience-au-service-des-clients-et-un-marche-comme-neuf\\\/#primaryimage\"},\"thumbnailUrl\":\"https:\\\/\\\/www.aligro.ch\\\/pages\\\/wp-content\\\/uploads\\\/2021\\\/11\\\/Rene-Mirko-cover3.jpg\",\"articleSection\":[\"Autre\"],\"inLanguage\":\"fr-FR\"},{\"@type\":\"WebPage\",\"@id\":\"https:\\\/\\\/www.aligro.ch\\\/pages\\\/fr\\\/news\\\/bruttisellen-plus-de-53-ans-dexperience-au-service-des-clients-et-un-marche-comme-neuf\\\/\",\"url\":\"https:\\\/\\\/www.aligro.ch\\\/pages\\\/fr\\\/news\\\/bruttisellen-plus-de-53-ans-dexperience-au-service-des-clients-et-un-marche-comme-neuf\\\/\",\"name\":\"Br\u00fcttisellen : plus de 53 ans d\u2019exp\u00e9rience au service des clients et un march\u00e9 comme neuf\",\"isPartOf\":{\"@id\":\"https:\\\/\\\/www.aligro.ch\\\/pages\\\/#website\"},\"primaryImageOfPage\":{\"@id\":\"https:\\\/\\\/www.aligro.ch\\\/pages\\\/fr\\\/news\\\/bruttisellen-plus-de-53-ans-dexperience-au-service-des-clients-et-un-marche-comme-neuf\\\/#primaryimage\"},\"image\":{\"@id\":\"https:\\\/\\\/www.aligro.ch\\\/pages\\\/fr\\\/news\\\/bruttisellen-plus-de-53-ans-dexperience-au-service-des-clients-et-un-marche-comme-neuf\\\/#primaryimage\"},\"thumbnailUrl\":\"https:\\\/\\\/www.aligro.ch\\\/pages\\\/wp-content\\\/uploads\\\/2021\\\/11\\\/Rene-Mirko-cover3.jpg\",\"datePublished\":\"2021-11-11T13:00:48+00:00\",\"dateModified\":\"2021-11-11T14:27:40+00:00\",\"description\":\"D\u00e9couvrez Ren\u00e9 Schmid et Mirko Djeric, un duo enthousiaste compl\u00e9tement d\u00e9vou\u00e9 \u00e0 sa client\u00e8le dans le march\u00e9 fra\u00eechement r\u00e9nov\u00e9 de Br\u00fcttisellen\",\"breadcrumb\":{\"@id\":\"https:\\\/\\\/www.aligro.ch\\\/pages\\\/fr\\\/news\\\/bruttisellen-plus-de-53-ans-dexperience-au-service-des-clients-et-un-marche-comme-neuf\\\/#breadcrumb\"},\"inLanguage\":\"fr-FR\",\"potentialAction\":[{\"@type\":\"ReadAction\",\"target\":[\"https:\\\/\\\/www.aligro.ch\\\/pages\\\/fr\\\/news\\\/bruttisellen-plus-de-53-ans-dexperience-au-service-des-clients-et-un-marche-comme-neuf\\\/\"]}]},{\"@type\":\"ImageObject\",\"inLanguage\":\"fr-FR\",\"@id\":\"https:\\\/\\\/www.aligro.ch\\\/pages\\\/fr\\\/news\\\/bruttisellen-plus-de-53-ans-dexperience-au-service-des-clients-et-un-marche-comme-neuf\\\/#primaryimage\",\"url\":\"https:\\\/\\\/www.aligro.ch\\\/pages\\\/wp-content\\\/uploads\\\/2021\\\/11\\\/Rene-Mirko-cover3.jpg\",\"contentUrl\":\"https:\\\/\\\/www.aligro.ch\\\/pages\\\/wp-content\\\/uploads\\\/2021\\\/11\\\/Rene-Mirko-cover3.jpg\",\"width\":1920,\"height\":1821},{\"@type\":\"BreadcrumbList\",\"@id\":\"https:\\\/\\\/www.aligro.ch\\\/pages\\\/fr\\\/news\\\/bruttisellen-plus-de-53-ans-dexperience-au-service-des-clients-et-un-marche-comme-neuf\\\/#breadcrumb\",\"itemListElement\":[{\"@type\":\"ListItem\",\"position\":1,\"name\":\"Accueil\",\"item\":\"https:\\\/\\\/www.aligro.ch\\\/pages\\\/de\\\/aligro-academy\\\/\"},{\"@type\":\"ListItem\",\"position\":2,\"name\":\"Br\u00fcttisellen : plus de 53 ans d\u2019exp\u00e9rience au service des clients et un march\u00e9 comme neuf\"}]},{\"@type\":\"WebSite\",\"@id\":\"https:\\\/\\\/www.aligro.ch\\\/pages\\\/#website\",\"url\":\"https:\\\/\\\/www.aligro.ch\\\/pages\\\/\",\"name\":\"ALIGRO\",\"description\":\"Fra\u00eecheur. Qualit\u00e9. Inspiration.\",\"publisher\":{\"@id\":\"https:\\\/\\\/www.aligro.ch\\\/pages\\\/#organization\"},\"potentialAction\":[{\"@type\":\"SearchAction\",\"target\":{\"@type\":\"EntryPoint\",\"urlTemplate\":\"https:\\\/\\\/www.aligro.ch\\\/pages\\\/?s={search_term_string}\"},\"query-input\":{\"@type\":\"PropertyValueSpecification\",\"valueRequired\":true,\"valueName\":\"search_term_string\"}}],\"inLanguage\":\"fr-FR\"},{\"@type\":\"Organization\",\"@id\":\"https:\\\/\\\/www.aligro.ch\\\/pages\\\/#organization\",\"name\":\"ALIGRO\",\"url\":\"https:\\\/\\\/www.aligro.ch\\\/pages\\\/\",\"logo\":{\"@type\":\"ImageObject\",\"inLanguage\":\"fr-FR\",\"@id\":\"https:\\\/\\\/www.aligro.ch\\\/pages\\\/#\\\/schema\\\/logo\\\/image\\\/\",\"url\":\"https:\\\/\\\/www.aligro.ch\\\/pages\\\/wp-content\\\/uploads\\\/2018\\\/10\\\/Logo@4x.png\",\"contentUrl\":\"https:\\\/\\\/www.aligro.ch\\\/pages\\\/wp-content\\\/uploads\\\/2018\\\/10\\\/Logo@4x.png\",\"width\":1831,\"height\":228,\"caption\":\"ALIGRO\"},\"image\":{\"@id\":\"https:\\\/\\\/www.aligro.ch\\\/pages\\\/#\\\/schema\\\/logo\\\/image\\\/\"},\"sameAs\":[\"https:\\\/\\\/fb.com\\\/aligrosuisse\"]},{\"@type\":\"Person\",\"@id\":\"https:\\\/\\\/www.aligro.ch\\\/pages\\\/#\\\/schema\\\/person\\\/777e796cd5f5445dc18658f0b9f9f016\",\"name\":\"Bryan.Dubuis\",\"image\":{\"@type\":\"ImageObject\",\"inLanguage\":\"fr-FR\",\"@id\":\"https:\\\/\\\/secure.gravatar.com\\\/avatar\\\/f25783eb6169c6f454c439b71266b12b0da0dcb30459ac01a1686f93320329e5?s=96&d=mm&r=g\",\"url\":\"https:\\\/\\\/secure.gravatar.com\\\/avatar\\\/f25783eb6169c6f454c439b71266b12b0da0dcb30459ac01a1686f93320329e5?s=96&d=mm&r=g\",\"contentUrl\":\"https:\\\/\\\/secure.gravatar.com\\\/avatar\\\/f25783eb6169c6f454c439b71266b12b0da0dcb30459ac01a1686f93320329e5?s=96&d=mm&r=g\",\"caption\":\"Bryan.Dubuis\"}}]}<\/script>\n<!-- \/ Yoast SEO plugin. -->","yoast_head_json":{"title":"Br\u00fcttisellen : plus de 53 ans d\u2019exp\u00e9rience au service des clients et un march\u00e9 comme neuf","description":"D\u00e9couvrez Ren\u00e9 Schmid et Mirko Djeric, un duo enthousiaste compl\u00e9tement d\u00e9vou\u00e9 \u00e0 sa client\u00e8le dans le march\u00e9 fra\u00eechement r\u00e9nov\u00e9 de Br\u00fcttisellen","robots":{"index":"index","follow":"follow","max-snippet":"max-snippet:-1","max-image-preview":"max-image-preview:large","max-video-preview":"max-video-preview:-1"},"canonical":"https:\/\/www.aligro.ch\/pages\/fr\/news\/bruttisellen-plus-de-53-ans-dexperience-au-service-des-clients-et-un-marche-comme-neuf\/","og_locale":"fr_FR","og_type":"article","og_title":"Br\u00fcttisellen : plus de 53 ans d\u2019exp\u00e9rience au service des clients et un march\u00e9 comme neuf","og_description":"D\u00e9couvrez Ren\u00e9 Schmid et Mirko Djeric, un duo enthousiaste compl\u00e9tement d\u00e9vou\u00e9 \u00e0 sa client\u00e8le dans le march\u00e9 fra\u00eechement r\u00e9nov\u00e9 de Br\u00fcttisellen","og_url":"https:\/\/www.aligro.ch\/pages\/fr\/news\/bruttisellen-plus-de-53-ans-dexperience-au-service-des-clients-et-un-marche-comme-neuf\/","og_site_name":"ALIGRO","article_publisher":"https:\/\/fb.com\/aligrosuisse","article_published_time":"2021-11-11T13:00:48+00:00","article_modified_time":"2021-11-11T14:27:40+00:00","og_image":[{"width":1920,"height":1821,"url":"https:\/\/www.aligro.ch\/pages\/wp-content\/uploads\/2021\/11\/Rene-Mirko-cover3.jpg","type":"image\/jpeg"}],"author":"Bryan.Dubuis","twitter_card":"summary_large_image","twitter_misc":{"\u00c9crit par":"Bryan.Dubuis","Dur\u00e9e de lecture estim\u00e9e":"2 minutes"},"schema":{"@context":"https:\/\/schema.org","@graph":[{"@type":"Article","@id":"https:\/\/www.aligro.ch\/pages\/fr\/news\/bruttisellen-plus-de-53-ans-dexperience-au-service-des-clients-et-un-marche-comme-neuf\/#article","isPartOf":{"@id":"https:\/\/www.aligro.ch\/pages\/fr\/news\/bruttisellen-plus-de-53-ans-dexperience-au-service-des-clients-et-un-marche-comme-neuf\/"},"author":{"name":"Bryan.Dubuis","@id":"https:\/\/www.aligro.ch\/pages\/#\/schema\/person\/777e796cd5f5445dc18658f0b9f9f016"},"headline":"Br\u00fcttisellen : plus de 53 ans d\u2019exp\u00e9rience au service des clients et un march\u00e9 comme neuf","datePublished":"2021-11-11T13:00:48+00:00","dateModified":"2021-11-11T14:27:40+00:00","mainEntityOfPage":{"@id":"https:\/\/www.aligro.ch\/pages\/fr\/news\/bruttisellen-plus-de-53-ans-dexperience-au-service-des-clients-et-un-marche-comme-neuf\/"},"wordCount":301,"publisher":{"@id":"https:\/\/www.aligro.ch\/pages\/#organization"},"image":{"@id":"https:\/\/www.aligro.ch\/pages\/fr\/news\/bruttisellen-plus-de-53-ans-dexperience-au-service-des-clients-et-un-marche-comme-neuf\/#primaryimage"},"thumbnailUrl":"https:\/\/www.aligro.ch\/pages\/wp-content\/uploads\/2021\/11\/Rene-Mirko-cover3.jpg","articleSection":["Autre"],"inLanguage":"fr-FR"},{"@type":"WebPage","@id":"https:\/\/www.aligro.ch\/pages\/fr\/news\/bruttisellen-plus-de-53-ans-dexperience-au-service-des-clients-et-un-marche-comme-neuf\/","url":"https:\/\/www.aligro.ch\/pages\/fr\/news\/bruttisellen-plus-de-53-ans-dexperience-au-service-des-clients-et-un-marche-comme-neuf\/","name":"Br\u00fcttisellen : plus de 53 ans d\u2019exp\u00e9rience au service des clients et un march\u00e9 comme neuf","isPartOf":{"@id":"https:\/\/www.aligro.ch\/pages\/#website"},"primaryImageOfPage":{"@id":"https:\/\/www.aligro.ch\/pages\/fr\/news\/bruttisellen-plus-de-53-ans-dexperience-au-service-des-clients-et-un-marche-comme-neuf\/#primaryimage"},"image":{"@id":"https:\/\/www.aligro.ch\/pages\/fr\/news\/bruttisellen-plus-de-53-ans-dexperience-au-service-des-clients-et-un-marche-comme-neuf\/#primaryimage"},"thumbnailUrl":"https:\/\/www.aligro.ch\/pages\/wp-content\/uploads\/2021\/11\/Rene-Mirko-cover3.jpg","datePublished":"2021-11-11T13:00:48+00:00","dateModified":"2021-11-11T14:27:40+00:00","description":"D\u00e9couvrez Ren\u00e9 Schmid et Mirko Djeric, un duo enthousiaste compl\u00e9tement d\u00e9vou\u00e9 \u00e0 sa client\u00e8le dans le march\u00e9 fra\u00eechement r\u00e9nov\u00e9 de Br\u00fcttisellen","breadcrumb":{"@id":"https:\/\/www.aligro.ch\/pages\/fr\/news\/bruttisellen-plus-de-53-ans-dexperience-au-service-des-clients-et-un-marche-comme-neuf\/#breadcrumb"},"inLanguage":"fr-FR","potentialAction":[{"@type":"ReadAction","target":["https:\/\/www.aligro.ch\/pages\/fr\/news\/bruttisellen-plus-de-53-ans-dexperience-au-service-des-clients-et-un-marche-comme-neuf\/"]}]},{"@type":"ImageObject","inLanguage":"fr-FR","@id":"https:\/\/www.aligro.ch\/pages\/fr\/news\/bruttisellen-plus-de-53-ans-dexperience-au-service-des-clients-et-un-marche-comme-neuf\/#primaryimage","url":"https:\/\/www.aligro.ch\/pages\/wp-content\/uploads\/2021\/11\/Rene-Mirko-cover3.jpg","contentUrl":"https:\/\/www.aligro.ch\/pages\/wp-content\/uploads\/2021\/11\/Rene-Mirko-cover3.jpg","width":1920,"height":1821},{"@type":"BreadcrumbList","@id":"https:\/\/www.aligro.ch\/pages\/fr\/news\/bruttisellen-plus-de-53-ans-dexperience-au-service-des-clients-et-un-marche-comme-neuf\/#breadcrumb","itemListElement":[{"@type":"ListItem","position":1,"name":"Accueil","item":"https:\/\/www.aligro.ch\/pages\/de\/aligro-academy\/"},{"@type":"ListItem","position":2,"name":"Br\u00fcttisellen : plus de 53 ans d\u2019exp\u00e9rience au service des clients et un march\u00e9 comme neuf"}]},{"@type":"WebSite","@id":"https:\/\/www.aligro.ch\/pages\/#website","url":"https:\/\/www.aligro.ch\/pages\/","name":"ALIGRO","description":"Fra\u00eecheur. Qualit\u00e9. Inspiration.","publisher":{"@id":"https:\/\/www.aligro.ch\/pages\/#organization"},"potentialAction":[{"@type":"SearchAction","target":{"@type":"EntryPoint","urlTemplate":"https:\/\/www.aligro.ch\/pages\/?s={search_term_string}"},"query-input":{"@type":"PropertyValueSpecification","valueRequired":true,"valueName":"search_term_string"}}],"inLanguage":"fr-FR"},{"@type":"Organization","@id":"https:\/\/www.aligro.ch\/pages\/#organization","name":"ALIGRO","url":"https:\/\/www.aligro.ch\/pages\/","logo":{"@type":"ImageObject","inLanguage":"fr-FR","@id":"https:\/\/www.aligro.ch\/pages\/#\/schema\/logo\/image\/","url":"https:\/\/www.aligro.ch\/pages\/wp-content\/uploads\/2018\/10\/Logo@4x.png","contentUrl":"https:\/\/www.aligro.ch\/pages\/wp-content\/uploads\/2018\/10\/Logo@4x.png","width":1831,"height":228,"caption":"ALIGRO"},"image":{"@id":"https:\/\/www.aligro.ch\/pages\/#\/schema\/logo\/image\/"},"sameAs":["https:\/\/fb.com\/aligrosuisse"]},{"@type":"Person","@id":"https:\/\/www.aligro.ch\/pages\/#\/schema\/person\/777e796cd5f5445dc18658f0b9f9f016","name":"Bryan.Dubuis","image":{"@type":"ImageObject","inLanguage":"fr-FR","@id":"https:\/\/secure.gravatar.com\/avatar\/f25783eb6169c6f454c439b71266b12b0da0dcb30459ac01a1686f93320329e5?s=96&d=mm&r=g","url":"https:\/\/secure.gravatar.com\/avatar\/f25783eb6169c6f454c439b71266b12b0da0dcb30459ac01a1686f93320329e5?s=96&d=mm&r=g","contentUrl":"https:\/\/secure.gravatar.com\/avatar\/f25783eb6169c6f454c439b71266b12b0da0dcb30459ac01a1686f93320329e5?s=96&d=mm&r=g","caption":"Bryan.Dubuis"}}]}},"_links":{"self":[{"href":"https:\/\/www.aligro.ch\/pages\/wp-json\/wp\/v2\/posts\/35688","targetHints":{"allow":["GET"]}}],"collection":[{"href":"https:\/\/www.aligro.ch\/pages\/wp-json\/wp\/v2\/posts"}],"about":[{"href":"https:\/\/www.aligro.ch\/pages\/wp-json\/wp\/v2\/types\/post"}],"author":[{"embeddable":true,"href":"https:\/\/www.aligro.ch\/pages\/wp-json\/wp\/v2\/users\/7"}],"replies":[{"embeddable":true,"href":"https:\/\/www.aligro.ch\/pages\/wp-json\/wp\/v2\/comments?post=35688"}],"version-history":[{"count":3,"href":"https:\/\/www.aligro.ch\/pages\/wp-json\/wp\/v2\/posts\/35688\/revisions"}],"predecessor-version":[{"id":35709,"href":"https:\/\/www.aligro.ch\/pages\/wp-json\/wp\/v2\/posts\/35688\/revisions\/35709"}],"wp:featuredmedia":[{"embeddable":true,"href":"https:\/\/www.aligro.ch\/pages\/wp-json\/wp\/v2\/media\/35710"}],"wp:attachment":[{"href":"https:\/\/www.aligro.ch\/pages\/wp-json\/wp\/v2\/media?parent=35688"}],"wp:term":[{"taxonomy":"category","embeddable":true,"href":"https:\/\/www.aligro.ch\/pages\/wp-json\/wp\/v2\/categories?post=35688"},{"taxonomy":"post_tag","embeddable":true,"href":"https:\/\/www.aligro.ch\/pages\/wp-json\/wp\/v2\/tags?post=35688"}],"curies":[{"name":"wp","href":"https:\/\/api.w.org\/{rel}","templated":true}]}}