{"id":35454,"date":"2021-11-02T11:10:45","date_gmt":"2021-11-02T10:10:45","guid":{"rendered":"https:\/\/www.aligro.ch\/pages\/?p=35454"},"modified":"2021-11-02T11:03:04","modified_gmt":"2021-11-02T10:03:04","slug":"vom-halben-kaeselaib-oder-aus-dem-pfaennchen-moitie-moitie-oder-mit-trueffeln","status":"publish","type":"post","link":"https:\/\/www.aligro.ch\/pages\/de\/news\/vom-halben-kaeselaib-oder-aus-dem-pfaennchen-moitie-moitie-oder-mit-trueffeln\/","title":{"rendered":"Vom halben K\u00e4selaib oder aus dem Pf\u00e4nnchen? Moiti\u00e9-moiti\u00e9 oder mit Tr\u00fcffeln ?"},"content":{"rendered":"<div class=\"wpb-content-wrapper\"><p>[vc_row][vc_column][vc_column_text]<strong>Der Herbst ist da, die Temperaturen gehen wieder zur\u00fcck und es wird fr\u00fcher dunkel. Dies ist die beste Zeit, um zwei typische Schweizer K\u00e4sespezialit\u00e4ten zu geniessen: Raclette und K\u00e4sefondue. Aligro hat auf diesem Gebiet ein breites Angebot \u2013 \u00fcberzeugen Sie sich selbst davon.<\/strong><\/p>\n<p>Raclette und K\u00e4sefondue sind vor allem in der kalten Jahreszeit sehr beliebte Gerichte \u2013 seit einigen Jahren werden sie aber auch f\u00fcr den Sommer angepriesen. Entstanden sind die beiden Spezialit\u00e4ten mit Hauptbestandteil geschmolzenem K\u00e4se in der gleichen Grossregion. In den Westalpen, zu denen auch das Wallis geh\u00f6rt. Und hier kommen gute Nachrichten: Profitieren Sie in der Woche vom 8. bis zum 11. November 2021 von unseren speziellen Angeboten: Wir geben 20 Prozent auf die Raclette- und Fondueartikel.<\/p>\n<h3>Asterix bei den Schweizern<\/h3>\n<p>Wie im Comic \u201eAsterix bei den Schweizern\u201c erw\u00e4hnt, darf man beim K\u00e4sefondue unter Androhung einer Strafe nie sein Brot im Caquelon verlieren. Aber das ist nicht der springende Punkt. Viel wichtiger ist die Zusammensetzung, die das gute Fondue ausmacht und aus einer Mischung von geschmolzenem K\u00e4se und Weisswein, St\u00e4rke (Bindemittel), einem Schuss Kirsch sowie Knoblauch, Pfeffer und Muskatnuss besteht. Weitere Zutaten k\u00f6nnen je nach pers\u00f6nlichem Geschmack noch beigeben werden.<\/p>\n<h3>Unterschiedliche Raclette-Aromen<\/h3>\n<p>Weil die Geschm\u00e4cker bekanntlich verschieden sind, bietet Aligro den Kunden eine grosse Auswahl an Raclettek\u00e4se an. Dabei ist der traditionelle Raclettek\u00e4se immer noch am gefragtesten, aber auch andere \u2013 beispielsweise mit Knoblauch, Pfeffer oder Paprika \u2013 finden immer mehr Anh\u00e4nger. Bevor die mit kleinen K\u00e4sescheiben gef\u00fcllten Pf\u00e4nnchen auf den Tischen erschienen, bestand das Raclette aus einem halben K\u00e4selaib, der \u00fcber der Glut des Feuers gegrillt wurde. Die geschmolzene und ger\u00e4ucherte oberste Schicht wurde mit einem Messer auf einen Teller oder auf ein St\u00fcck Brot abgeschabt. In unseren M\u00e4rkten finden Sie je nach Ihrem Bedarf Schnitt- oder Blockk\u00e4se wie auch halbe K\u00e4selaibe.<\/p>\n<h3>K\u00e4sefondue-Variationen<\/h3>\n<p>Auch beim Fondue gibt es wunderbare Varianten wie das traditionelle \u00ab\u00a0Moiti\u00e9-Moiti\u00e9\u00a0\u00bb (halb Vacherin Fribourgeois, halb Gruy\u00e8re) oder Mischungen mit einem eher regionalen K\u00e4se oder mit Tr\u00fcffeln oder Morcheln. Was die Fl\u00fcssigkeit f\u00fcr das Fondue betrifft: Haben Sie schon einmal eine Alternative zum Weisswein ausprobiert? Bier zum Beispiel? Die Unterschiede im Geschmack sind sehr \u00fcberraschend.<\/p>\n<h3>Raclettofen und Caquelon<\/h3>\n<p>In den Aligro-M\u00e4rkten finden die Kundinnen und Kunden aber nicht nur den K\u00e4se und die vielen Zutaten (von Silberzwiebeln \u00fcber Cornichons\u00a0 hin zu Ananasscheiben oder Speck), sondern auch die zur Zubereitung unentbehrlichen Ger\u00e4te: Wir haben traditionelle Raclette\u00f6fen f\u00fcr halbe K\u00e4selaibe ebenso wie die kleinen \u00d6fen f\u00fcr K\u00e4seportionen. Oder suchen Sie neue Caquelons und Brenner? Fonduebesteck oder Kartoffel- und Brotkorb? Lassen Sie sich von der Vielfalt unserer Auswahl \u00fcberraschen, Sie finden bei uns sicher das Richtige.<\/p>\n<h3>K\u00e4se als Medizin<\/h3>\n<p>Kehren wir noch einmal zu Asterix zur\u00fcck: \u00abWenn einer krank ist, muss man ihm helfen. Auch wenn\u2019s ein R\u00f6mer ist\u00bb, heisst es im erw\u00e4hnten Band \u00abAsterix bei den Schweizern\u00bb. Raclette und Fondue sind auch eine Art Medizin, die uns hilft, die k\u00fcrzeren Tage und das Grau des Herbstes zu vergessen.[\/vc_column_text][\/vc_column][\/vc_row][vc_row][vc_column][vc_separator][\/vc_column][\/vc_row][vc_row][vc_column][vc_column_text]<\/p>\n<h2>Entdecken Sie unsere Raclettek\u00e4se und Fondue in Aktion<\/h2>\n<p style=\"text-align: center; margin-top: 2em;\"><a class=\"CTAbtn\" href=\"https:\/\/www.aligro.ch\/pages\/de\/aktion-20-rabatt-auf-raclettekaese-und-fondue\/\">AKTIONEN ANZEIGEN<\/a><\/p>\n<p>[\/vc_column_text][\/vc_column][\/vc_row]<\/p>\n<\/div>","protected":false},"excerpt":{"rendered":"<p>[vc_row][vc_column][vc_column_text]Der Herbst ist da, die Temperaturen gehen wieder zur\u00fcck und es wird fr\u00fcher dunkel. Dies ist die beste<a class=\"moretag\" href=\"https:\/\/www.aligro.ch\/pages\/de\/news\/vom-halben-kaeselaib-oder-aus-dem-pfaennchen-moitie-moitie-oder-mit-trueffeln\/\"> &#8230;<\/a><\/p>\n","protected":false},"author":7,"featured_media":35450,"comment_status":"closed","ping_status":"closed","sticky":false,"template":"","format":"standard","meta":{"_acf_changed":false,"footnotes":""},"categories":[7],"tags":[],"class_list":["post-35454","post","type-post","status-publish","format-standard","has-post-thumbnail","hentry","category-andere"],"acf":[],"yoast_head":"<!-- This site is optimized with the Yoast SEO plugin v27.4 - https:\/\/yoast.com\/product\/yoast-seo-wordpress\/ -->\n<title>Vom halben K\u00e4selaib oder aus dem Pf\u00e4nnchen? Moiti\u00e9-moiti\u00e9 oder mit Tr\u00fcffeln ?<\/title>\n<meta name=\"description\" content=\"Der Herbst ist da, die Temperaturen gehen wieder zur\u00fcck und es wird fr\u00fcher dunkel. Dies ist die beste Zeit, um zwei typische Schweizer K\u00e4sespezialit\u00e4ten zu geniessen: Raclette und K\u00e4sefondue. Aligro hat auf diesem Gebiet ein breites Angebot \u2013 \u00fcberzeugen Sie sich selbst davon.\" \/>\n<meta name=\"robots\" content=\"index, follow, max-snippet:-1, max-image-preview:large, max-video-preview:-1\" \/>\n<link rel=\"canonical\" href=\"https:\/\/www.aligro.ch\/pages\/de\/news\/vom-halben-kaeselaib-oder-aus-dem-pfaennchen-moitie-moitie-oder-mit-trueffeln\/\" \/>\n<meta property=\"og:locale\" content=\"fr_FR\" \/>\n<meta property=\"og:type\" content=\"article\" \/>\n<meta property=\"og:title\" content=\"Vom halben K\u00e4selaib oder aus dem Pf\u00e4nnchen? Moiti\u00e9-moiti\u00e9 oder mit Tr\u00fcffeln ?\" \/>\n<meta property=\"og:description\" content=\"Der Herbst ist da, die Temperaturen gehen wieder zur\u00fcck und es wird fr\u00fcher dunkel. Dies ist die beste Zeit, um zwei typische Schweizer K\u00e4sespezialit\u00e4ten zu geniessen: Raclette und K\u00e4sefondue. Aligro hat auf diesem Gebiet ein breites Angebot \u2013 \u00fcberzeugen Sie sich selbst davon.\" \/>\n<meta property=\"og:url\" content=\"https:\/\/www.aligro.ch\/pages\/de\/news\/vom-halben-kaeselaib-oder-aus-dem-pfaennchen-moitie-moitie-oder-mit-trueffeln\/\" \/>\n<meta property=\"og:site_name\" content=\"ALIGRO\" \/>\n<meta property=\"article:publisher\" content=\"https:\/\/fb.com\/aligrosuisse\" \/>\n<meta property=\"article:published_time\" content=\"2021-11-02T10:10:45+00:00\" \/>\n<meta property=\"og:image\" content=\"https:\/\/www.aligro.ch\/pages\/wp-content\/uploads\/2021\/11\/FondueRacletteCover.jpg\" \/>\n\t<meta property=\"og:image:width\" content=\"1920\" \/>\n\t<meta property=\"og:image:height\" content=\"1080\" \/>\n\t<meta property=\"og:image:type\" content=\"image\/jpeg\" \/>\n<meta name=\"author\" content=\"Bryan.Dubuis\" \/>\n<meta name=\"twitter:card\" content=\"summary_large_image\" \/>\n<meta name=\"twitter:label1\" content=\"\u00c9crit par\" \/>\n\t<meta name=\"twitter:data1\" content=\"Bryan.Dubuis\" \/>\n\t<meta name=\"twitter:label2\" content=\"Dur\u00e9e de lecture estim\u00e9e\" \/>\n\t<meta name=\"twitter:data2\" content=\"3 minutes\" \/>\n<script type=\"application\/ld+json\" class=\"yoast-schema-graph\">{\"@context\":\"https:\\\/\\\/schema.org\",\"@graph\":[{\"@type\":\"Article\",\"@id\":\"https:\\\/\\\/www.aligro.ch\\\/pages\\\/de\\\/news\\\/vom-halben-kaeselaib-oder-aus-dem-pfaennchen-moitie-moitie-oder-mit-trueffeln\\\/#article\",\"isPartOf\":{\"@id\":\"https:\\\/\\\/www.aligro.ch\\\/pages\\\/de\\\/news\\\/vom-halben-kaeselaib-oder-aus-dem-pfaennchen-moitie-moitie-oder-mit-trueffeln\\\/\"},\"author\":{\"name\":\"Bryan.Dubuis\",\"@id\":\"https:\\\/\\\/www.aligro.ch\\\/pages\\\/#\\\/schema\\\/person\\\/777e796cd5f5445dc18658f0b9f9f016\"},\"headline\":\"Vom halben K\u00e4selaib oder aus dem Pf\u00e4nnchen? Moiti\u00e9-moiti\u00e9 oder mit Tr\u00fcffeln ?\",\"datePublished\":\"2021-11-02T10:10:45+00:00\",\"mainEntityOfPage\":{\"@id\":\"https:\\\/\\\/www.aligro.ch\\\/pages\\\/de\\\/news\\\/vom-halben-kaeselaib-oder-aus-dem-pfaennchen-moitie-moitie-oder-mit-trueffeln\\\/\"},\"wordCount\":588,\"publisher\":{\"@id\":\"https:\\\/\\\/www.aligro.ch\\\/pages\\\/#organization\"},\"image\":{\"@id\":\"https:\\\/\\\/www.aligro.ch\\\/pages\\\/de\\\/news\\\/vom-halben-kaeselaib-oder-aus-dem-pfaennchen-moitie-moitie-oder-mit-trueffeln\\\/#primaryimage\"},\"thumbnailUrl\":\"https:\\\/\\\/www.aligro.ch\\\/pages\\\/wp-content\\\/uploads\\\/2021\\\/11\\\/FondueRacletteCover.jpg\",\"articleSection\":[\"Andere\"],\"inLanguage\":\"fr-FR\"},{\"@type\":\"WebPage\",\"@id\":\"https:\\\/\\\/www.aligro.ch\\\/pages\\\/de\\\/news\\\/vom-halben-kaeselaib-oder-aus-dem-pfaennchen-moitie-moitie-oder-mit-trueffeln\\\/\",\"url\":\"https:\\\/\\\/www.aligro.ch\\\/pages\\\/de\\\/news\\\/vom-halben-kaeselaib-oder-aus-dem-pfaennchen-moitie-moitie-oder-mit-trueffeln\\\/\",\"name\":\"Vom halben K\u00e4selaib oder aus dem Pf\u00e4nnchen? Moiti\u00e9-moiti\u00e9 oder mit Tr\u00fcffeln ?\",\"isPartOf\":{\"@id\":\"https:\\\/\\\/www.aligro.ch\\\/pages\\\/#website\"},\"primaryImageOfPage\":{\"@id\":\"https:\\\/\\\/www.aligro.ch\\\/pages\\\/de\\\/news\\\/vom-halben-kaeselaib-oder-aus-dem-pfaennchen-moitie-moitie-oder-mit-trueffeln\\\/#primaryimage\"},\"image\":{\"@id\":\"https:\\\/\\\/www.aligro.ch\\\/pages\\\/de\\\/news\\\/vom-halben-kaeselaib-oder-aus-dem-pfaennchen-moitie-moitie-oder-mit-trueffeln\\\/#primaryimage\"},\"thumbnailUrl\":\"https:\\\/\\\/www.aligro.ch\\\/pages\\\/wp-content\\\/uploads\\\/2021\\\/11\\\/FondueRacletteCover.jpg\",\"datePublished\":\"2021-11-02T10:10:45+00:00\",\"description\":\"Der Herbst ist da, die Temperaturen gehen wieder zur\u00fcck und es wird fr\u00fcher dunkel. Dies ist die beste Zeit, um zwei typische Schweizer K\u00e4sespezialit\u00e4ten zu geniessen: Raclette und K\u00e4sefondue. Aligro hat auf diesem Gebiet ein breites Angebot \u2013 \u00fcberzeugen Sie sich selbst davon.\",\"breadcrumb\":{\"@id\":\"https:\\\/\\\/www.aligro.ch\\\/pages\\\/de\\\/news\\\/vom-halben-kaeselaib-oder-aus-dem-pfaennchen-moitie-moitie-oder-mit-trueffeln\\\/#breadcrumb\"},\"inLanguage\":\"fr-FR\",\"potentialAction\":[{\"@type\":\"ReadAction\",\"target\":[\"https:\\\/\\\/www.aligro.ch\\\/pages\\\/de\\\/news\\\/vom-halben-kaeselaib-oder-aus-dem-pfaennchen-moitie-moitie-oder-mit-trueffeln\\\/\"]}]},{\"@type\":\"ImageObject\",\"inLanguage\":\"fr-FR\",\"@id\":\"https:\\\/\\\/www.aligro.ch\\\/pages\\\/de\\\/news\\\/vom-halben-kaeselaib-oder-aus-dem-pfaennchen-moitie-moitie-oder-mit-trueffeln\\\/#primaryimage\",\"url\":\"https:\\\/\\\/www.aligro.ch\\\/pages\\\/wp-content\\\/uploads\\\/2021\\\/11\\\/FondueRacletteCover.jpg\",\"contentUrl\":\"https:\\\/\\\/www.aligro.ch\\\/pages\\\/wp-content\\\/uploads\\\/2021\\\/11\\\/FondueRacletteCover.jpg\",\"width\":1920,\"height\":1080},{\"@type\":\"BreadcrumbList\",\"@id\":\"https:\\\/\\\/www.aligro.ch\\\/pages\\\/de\\\/news\\\/vom-halben-kaeselaib-oder-aus-dem-pfaennchen-moitie-moitie-oder-mit-trueffeln\\\/#breadcrumb\",\"itemListElement\":[{\"@type\":\"ListItem\",\"position\":1,\"name\":\"Accueil\",\"item\":\"https:\\\/\\\/www.aligro.ch\\\/pages\\\/de\\\/aligro-academy\\\/\"},{\"@type\":\"ListItem\",\"position\":2,\"name\":\"Vom halben K\u00e4selaib oder aus dem Pf\u00e4nnchen? Moiti\u00e9-moiti\u00e9 oder mit Tr\u00fcffeln ?\"}]},{\"@type\":\"WebSite\",\"@id\":\"https:\\\/\\\/www.aligro.ch\\\/pages\\\/#website\",\"url\":\"https:\\\/\\\/www.aligro.ch\\\/pages\\\/\",\"name\":\"ALIGRO\",\"description\":\"Fra\u00eecheur. Qualit\u00e9. Inspiration.\",\"publisher\":{\"@id\":\"https:\\\/\\\/www.aligro.ch\\\/pages\\\/#organization\"},\"potentialAction\":[{\"@type\":\"SearchAction\",\"target\":{\"@type\":\"EntryPoint\",\"urlTemplate\":\"https:\\\/\\\/www.aligro.ch\\\/pages\\\/?s={search_term_string}\"},\"query-input\":{\"@type\":\"PropertyValueSpecification\",\"valueRequired\":true,\"valueName\":\"search_term_string\"}}],\"inLanguage\":\"fr-FR\"},{\"@type\":\"Organization\",\"@id\":\"https:\\\/\\\/www.aligro.ch\\\/pages\\\/#organization\",\"name\":\"ALIGRO\",\"url\":\"https:\\\/\\\/www.aligro.ch\\\/pages\\\/\",\"logo\":{\"@type\":\"ImageObject\",\"inLanguage\":\"fr-FR\",\"@id\":\"https:\\\/\\\/www.aligro.ch\\\/pages\\\/#\\\/schema\\\/logo\\\/image\\\/\",\"url\":\"https:\\\/\\\/www.aligro.ch\\\/pages\\\/wp-content\\\/uploads\\\/2018\\\/10\\\/Logo@4x.png\",\"contentUrl\":\"https:\\\/\\\/www.aligro.ch\\\/pages\\\/wp-content\\\/uploads\\\/2018\\\/10\\\/Logo@4x.png\",\"width\":1831,\"height\":228,\"caption\":\"ALIGRO\"},\"image\":{\"@id\":\"https:\\\/\\\/www.aligro.ch\\\/pages\\\/#\\\/schema\\\/logo\\\/image\\\/\"},\"sameAs\":[\"https:\\\/\\\/fb.com\\\/aligrosuisse\"]},{\"@type\":\"Person\",\"@id\":\"https:\\\/\\\/www.aligro.ch\\\/pages\\\/#\\\/schema\\\/person\\\/777e796cd5f5445dc18658f0b9f9f016\",\"name\":\"Bryan.Dubuis\",\"image\":{\"@type\":\"ImageObject\",\"inLanguage\":\"fr-FR\",\"@id\":\"https:\\\/\\\/secure.gravatar.com\\\/avatar\\\/f25783eb6169c6f454c439b71266b12b0da0dcb30459ac01a1686f93320329e5?s=96&d=mm&r=g\",\"url\":\"https:\\\/\\\/secure.gravatar.com\\\/avatar\\\/f25783eb6169c6f454c439b71266b12b0da0dcb30459ac01a1686f93320329e5?s=96&d=mm&r=g\",\"contentUrl\":\"https:\\\/\\\/secure.gravatar.com\\\/avatar\\\/f25783eb6169c6f454c439b71266b12b0da0dcb30459ac01a1686f93320329e5?s=96&d=mm&r=g\",\"caption\":\"Bryan.Dubuis\"}}]}<\/script>\n<!-- \/ Yoast SEO plugin. -->","yoast_head_json":{"title":"Vom halben K\u00e4selaib oder aus dem Pf\u00e4nnchen? Moiti\u00e9-moiti\u00e9 oder mit Tr\u00fcffeln ?","description":"Der Herbst ist da, die Temperaturen gehen wieder zur\u00fcck und es wird fr\u00fcher dunkel. Dies ist die beste Zeit, um zwei typische Schweizer K\u00e4sespezialit\u00e4ten zu geniessen: Raclette und K\u00e4sefondue. Aligro hat auf diesem Gebiet ein breites Angebot \u2013 \u00fcberzeugen Sie sich selbst davon.","robots":{"index":"index","follow":"follow","max-snippet":"max-snippet:-1","max-image-preview":"max-image-preview:large","max-video-preview":"max-video-preview:-1"},"canonical":"https:\/\/www.aligro.ch\/pages\/de\/news\/vom-halben-kaeselaib-oder-aus-dem-pfaennchen-moitie-moitie-oder-mit-trueffeln\/","og_locale":"fr_FR","og_type":"article","og_title":"Vom halben K\u00e4selaib oder aus dem Pf\u00e4nnchen? Moiti\u00e9-moiti\u00e9 oder mit Tr\u00fcffeln ?","og_description":"Der Herbst ist da, die Temperaturen gehen wieder zur\u00fcck und es wird fr\u00fcher dunkel. Dies ist die beste Zeit, um zwei typische Schweizer K\u00e4sespezialit\u00e4ten zu geniessen: Raclette und K\u00e4sefondue. Aligro hat auf diesem Gebiet ein breites Angebot \u2013 \u00fcberzeugen Sie sich selbst davon.","og_url":"https:\/\/www.aligro.ch\/pages\/de\/news\/vom-halben-kaeselaib-oder-aus-dem-pfaennchen-moitie-moitie-oder-mit-trueffeln\/","og_site_name":"ALIGRO","article_publisher":"https:\/\/fb.com\/aligrosuisse","article_published_time":"2021-11-02T10:10:45+00:00","og_image":[{"width":1920,"height":1080,"url":"https:\/\/www.aligro.ch\/pages\/wp-content\/uploads\/2021\/11\/FondueRacletteCover.jpg","type":"image\/jpeg"}],"author":"Bryan.Dubuis","twitter_card":"summary_large_image","twitter_misc":{"\u00c9crit par":"Bryan.Dubuis","Dur\u00e9e de lecture estim\u00e9e":"3 minutes"},"schema":{"@context":"https:\/\/schema.org","@graph":[{"@type":"Article","@id":"https:\/\/www.aligro.ch\/pages\/de\/news\/vom-halben-kaeselaib-oder-aus-dem-pfaennchen-moitie-moitie-oder-mit-trueffeln\/#article","isPartOf":{"@id":"https:\/\/www.aligro.ch\/pages\/de\/news\/vom-halben-kaeselaib-oder-aus-dem-pfaennchen-moitie-moitie-oder-mit-trueffeln\/"},"author":{"name":"Bryan.Dubuis","@id":"https:\/\/www.aligro.ch\/pages\/#\/schema\/person\/777e796cd5f5445dc18658f0b9f9f016"},"headline":"Vom halben K\u00e4selaib oder aus dem Pf\u00e4nnchen? Moiti\u00e9-moiti\u00e9 oder mit Tr\u00fcffeln ?","datePublished":"2021-11-02T10:10:45+00:00","mainEntityOfPage":{"@id":"https:\/\/www.aligro.ch\/pages\/de\/news\/vom-halben-kaeselaib-oder-aus-dem-pfaennchen-moitie-moitie-oder-mit-trueffeln\/"},"wordCount":588,"publisher":{"@id":"https:\/\/www.aligro.ch\/pages\/#organization"},"image":{"@id":"https:\/\/www.aligro.ch\/pages\/de\/news\/vom-halben-kaeselaib-oder-aus-dem-pfaennchen-moitie-moitie-oder-mit-trueffeln\/#primaryimage"},"thumbnailUrl":"https:\/\/www.aligro.ch\/pages\/wp-content\/uploads\/2021\/11\/FondueRacletteCover.jpg","articleSection":["Andere"],"inLanguage":"fr-FR"},{"@type":"WebPage","@id":"https:\/\/www.aligro.ch\/pages\/de\/news\/vom-halben-kaeselaib-oder-aus-dem-pfaennchen-moitie-moitie-oder-mit-trueffeln\/","url":"https:\/\/www.aligro.ch\/pages\/de\/news\/vom-halben-kaeselaib-oder-aus-dem-pfaennchen-moitie-moitie-oder-mit-trueffeln\/","name":"Vom halben K\u00e4selaib oder aus dem Pf\u00e4nnchen? Moiti\u00e9-moiti\u00e9 oder mit Tr\u00fcffeln ?","isPartOf":{"@id":"https:\/\/www.aligro.ch\/pages\/#website"},"primaryImageOfPage":{"@id":"https:\/\/www.aligro.ch\/pages\/de\/news\/vom-halben-kaeselaib-oder-aus-dem-pfaennchen-moitie-moitie-oder-mit-trueffeln\/#primaryimage"},"image":{"@id":"https:\/\/www.aligro.ch\/pages\/de\/news\/vom-halben-kaeselaib-oder-aus-dem-pfaennchen-moitie-moitie-oder-mit-trueffeln\/#primaryimage"},"thumbnailUrl":"https:\/\/www.aligro.ch\/pages\/wp-content\/uploads\/2021\/11\/FondueRacletteCover.jpg","datePublished":"2021-11-02T10:10:45+00:00","description":"Der Herbst ist da, die Temperaturen gehen wieder zur\u00fcck und es wird fr\u00fcher dunkel. Dies ist die beste Zeit, um zwei typische Schweizer K\u00e4sespezialit\u00e4ten zu geniessen: Raclette und K\u00e4sefondue. Aligro hat auf diesem Gebiet ein breites Angebot \u2013 \u00fcberzeugen Sie sich selbst davon.","breadcrumb":{"@id":"https:\/\/www.aligro.ch\/pages\/de\/news\/vom-halben-kaeselaib-oder-aus-dem-pfaennchen-moitie-moitie-oder-mit-trueffeln\/#breadcrumb"},"inLanguage":"fr-FR","potentialAction":[{"@type":"ReadAction","target":["https:\/\/www.aligro.ch\/pages\/de\/news\/vom-halben-kaeselaib-oder-aus-dem-pfaennchen-moitie-moitie-oder-mit-trueffeln\/"]}]},{"@type":"ImageObject","inLanguage":"fr-FR","@id":"https:\/\/www.aligro.ch\/pages\/de\/news\/vom-halben-kaeselaib-oder-aus-dem-pfaennchen-moitie-moitie-oder-mit-trueffeln\/#primaryimage","url":"https:\/\/www.aligro.ch\/pages\/wp-content\/uploads\/2021\/11\/FondueRacletteCover.jpg","contentUrl":"https:\/\/www.aligro.ch\/pages\/wp-content\/uploads\/2021\/11\/FondueRacletteCover.jpg","width":1920,"height":1080},{"@type":"BreadcrumbList","@id":"https:\/\/www.aligro.ch\/pages\/de\/news\/vom-halben-kaeselaib-oder-aus-dem-pfaennchen-moitie-moitie-oder-mit-trueffeln\/#breadcrumb","itemListElement":[{"@type":"ListItem","position":1,"name":"Accueil","item":"https:\/\/www.aligro.ch\/pages\/de\/aligro-academy\/"},{"@type":"ListItem","position":2,"name":"Vom halben K\u00e4selaib oder aus dem Pf\u00e4nnchen? Moiti\u00e9-moiti\u00e9 oder mit Tr\u00fcffeln ?"}]},{"@type":"WebSite","@id":"https:\/\/www.aligro.ch\/pages\/#website","url":"https:\/\/www.aligro.ch\/pages\/","name":"ALIGRO","description":"Fra\u00eecheur. Qualit\u00e9. Inspiration.","publisher":{"@id":"https:\/\/www.aligro.ch\/pages\/#organization"},"potentialAction":[{"@type":"SearchAction","target":{"@type":"EntryPoint","urlTemplate":"https:\/\/www.aligro.ch\/pages\/?s={search_term_string}"},"query-input":{"@type":"PropertyValueSpecification","valueRequired":true,"valueName":"search_term_string"}}],"inLanguage":"fr-FR"},{"@type":"Organization","@id":"https:\/\/www.aligro.ch\/pages\/#organization","name":"ALIGRO","url":"https:\/\/www.aligro.ch\/pages\/","logo":{"@type":"ImageObject","inLanguage":"fr-FR","@id":"https:\/\/www.aligro.ch\/pages\/#\/schema\/logo\/image\/","url":"https:\/\/www.aligro.ch\/pages\/wp-content\/uploads\/2018\/10\/Logo@4x.png","contentUrl":"https:\/\/www.aligro.ch\/pages\/wp-content\/uploads\/2018\/10\/Logo@4x.png","width":1831,"height":228,"caption":"ALIGRO"},"image":{"@id":"https:\/\/www.aligro.ch\/pages\/#\/schema\/logo\/image\/"},"sameAs":["https:\/\/fb.com\/aligrosuisse"]},{"@type":"Person","@id":"https:\/\/www.aligro.ch\/pages\/#\/schema\/person\/777e796cd5f5445dc18658f0b9f9f016","name":"Bryan.Dubuis","image":{"@type":"ImageObject","inLanguage":"fr-FR","@id":"https:\/\/secure.gravatar.com\/avatar\/f25783eb6169c6f454c439b71266b12b0da0dcb30459ac01a1686f93320329e5?s=96&d=mm&r=g","url":"https:\/\/secure.gravatar.com\/avatar\/f25783eb6169c6f454c439b71266b12b0da0dcb30459ac01a1686f93320329e5?s=96&d=mm&r=g","contentUrl":"https:\/\/secure.gravatar.com\/avatar\/f25783eb6169c6f454c439b71266b12b0da0dcb30459ac01a1686f93320329e5?s=96&d=mm&r=g","caption":"Bryan.Dubuis"}}]}},"_links":{"self":[{"href":"https:\/\/www.aligro.ch\/pages\/wp-json\/wp\/v2\/posts\/35454","targetHints":{"allow":["GET"]}}],"collection":[{"href":"https:\/\/www.aligro.ch\/pages\/wp-json\/wp\/v2\/posts"}],"about":[{"href":"https:\/\/www.aligro.ch\/pages\/wp-json\/wp\/v2\/types\/post"}],"author":[{"embeddable":true,"href":"https:\/\/www.aligro.ch\/pages\/wp-json\/wp\/v2\/users\/7"}],"replies":[{"embeddable":true,"href":"https:\/\/www.aligro.ch\/pages\/wp-json\/wp\/v2\/comments?post=35454"}],"version-history":[{"count":3,"href":"https:\/\/www.aligro.ch\/pages\/wp-json\/wp\/v2\/posts\/35454\/revisions"}],"predecessor-version":[{"id":35464,"href":"https:\/\/www.aligro.ch\/pages\/wp-json\/wp\/v2\/posts\/35454\/revisions\/35464"}],"wp:featuredmedia":[{"embeddable":true,"href":"https:\/\/www.aligro.ch\/pages\/wp-json\/wp\/v2\/media\/35450"}],"wp:attachment":[{"href":"https:\/\/www.aligro.ch\/pages\/wp-json\/wp\/v2\/media?parent=35454"}],"wp:term":[{"taxonomy":"category","embeddable":true,"href":"https:\/\/www.aligro.ch\/pages\/wp-json\/wp\/v2\/categories?post=35454"},{"taxonomy":"post_tag","embeddable":true,"href":"https:\/\/www.aligro.ch\/pages\/wp-json\/wp\/v2\/tags?post=35454"}],"curies":[{"name":"wp","href":"https:\/\/api.w.org\/{rel}","templated":true}]}}