{"id":35436,"date":"2021-11-02T10:00:26","date_gmt":"2021-11-02T09:00:26","guid":{"rendered":"https:\/\/www.aligro.ch\/pages\/?p=35436"},"modified":"2021-11-02T08:39:53","modified_gmt":"2021-11-02T07:39:53","slug":"decouvrez-le-rayon-des-produits-laitiers-aligro","status":"publish","type":"post","link":"https:\/\/www.aligro.ch\/pages\/fr\/news\/decouvrez-le-rayon-des-produits-laitiers-aligro\/","title":{"rendered":"D\u00e9couvrez le rayon des produits laitiers ALIGRO"},"content":{"rendered":"<div class=\"wpb-content-wrapper\"><p>[vc_row][vc_column width=\u00a0\u00bb1\/2&Prime;][vc_column_text]<strong>Jean-Pierre Mounir est magasinier-vendeur au rayon des produits laitiers dans le march\u00e9 ALIGRO \u00e0 Matran. Il nous pr\u00e9sente son secteur vu de ses 19 ann\u00e9es d\u2019exp\u00e9rience dans le secteur alimentaire.<\/strong><\/p>\n<h3>Pour commencer, vous \u00eates plut\u00f4t raclette ou fondue ?<\/h3>\n<p>La question est tr\u00e8s difficile ! Je dirais plut\u00f4t raclette, avec le four pour demi meule. J\u2019aime faire griller l\u00e9g\u00e8rement la cro\u00fbte pour donner un c\u00f4t\u00e9 croustillant qui contraste avec l\u2019onctuosit\u00e9 du fromage fondu. Au-del\u00e0 du go\u00fbt, j\u2019aime la convivialit\u00e9 qui se d\u00e9gage de ce genre de repas.[\/vc_column_text][\/vc_column][vc_column width=\u00a0\u00bb1\/2&Prime;][vc_single_image image=\u00a0\u00bb35437&Prime; img_size=\u00a0\u00bbfull\u00a0\u00bb][\/vc_column][\/vc_row][vc_row][vc_column][vc_column_text]<\/p>\n<h3>Pourquoi le secteur des produits laitiers chez ALIGRO est-il si exceptionnel ?<\/h3>\n<p>Le choix est \u00e9norme. Avant de travailler chez ALIGRO, je venais d\u00e9j\u00e0 acheter mon fromage dans le march\u00e9 de Chavannes. Je n\u2019ai encore jamais vu ailleurs un aussi grand \u00e9ventail de produits laitiers. Nous avons plus de 700 fromages, ce qui repr\u00e9sente plus de 30 m\u00e8tres de rayon. En plus, les prix sont tr\u00e8s attractifs.<\/p>\n<p>Nous avons un choix impressionnant de fondues et de raclettes. Nous avons les classiques que beaucoup de gens connaissent mais \u00e9galement des productions plus locales.<\/p>\n<p>Il y a aussi des fromages qu\u2019on ne trouve nulle part ailleurs. En effet, nous travaillons avec certains petits fournisseurs qui ne produisent pas de grande quantit\u00e9, et qu\u2019on ne trouve donc dans les grands magasins. C\u2019est notamment le cas pour certaines mozzarellas de buffle, des fromages de ch\u00e8vre ou de brebis et m\u00eame du mascarpone.<\/p>\n<h3>Quel est votre fromage pr\u00e9f\u00e9r\u00e9 ?<\/h3>\n<p>Le gruy\u00e8re le plus vieux de notre assortiment ! Il est caract\u00e9ris\u00e9 par une cro\u00fbte tr\u00e8s fonc\u00e9e et des l\u00e9gers cristaux de sel dans la p\u00e2te. Je le d\u00e9guste volontiers seul avec un bon verre de vin.<\/p>\n<p>Il y a aussi notre vacherin fribourgeois, j\u2019aime son c\u00f4t\u00e9 cr\u00e9meux. Parfois, je le fais en fondue car c\u2019est tr\u00e8s simple. Je coupe des petits cubes que je fais fondre tr\u00e8s lentement dans un caquelon en remuant constamment. D\u00e8s que le fromage forme une masse onctueuse, c\u2019est pr\u00eat !<\/p>\n<h3>Comment fonctionne votre \u00e9quipe ?<\/h3>\n<p>L\u2019\u00e9quipe est compos\u00e9e de 4 personnes et tout le monde se rend service. Chaque collaborateur, chez nous, s\u2019occupe de son client du d\u00e9but \u00e0 la fin pour r\u00e9pondre \u00e0 sa demande de mani\u00e8re rapide et efficace. Il y a peu, je me suis occup\u00e9 d\u2019un client venant d\u2019un pays voisin de la Russie. Il nous a demand\u00e9 des conseils pour la pr\u00e9paration d\u2019un repas avec le pr\u00e9sident d\u2019un pays du moyen orient dans son ambassade. Tr\u00e8s content de ramener du fromage de Suisse, il est reparti en emportant avec lui pr\u00e8s de 50 kg. Un repas sans doute prometteur !<\/p>\n<h3>Qu\u2019est-ce que la satisfaction client pour vous ?<\/h3>\n<p>Un client satisfait est un client qui a trouv\u00e9 son bonheur ! Pour cela, je dirais qu\u2019il y a 3 \u00e9l\u00e9ments importants : la qualit\u00e9 de nos produits, la tenue de notre rayon et le conseil \u00e0 la client\u00e8le.<\/p>\n<p>Gr\u00e2ce \u00e0 des \u00e9talages bien rang\u00e9s, remplis et propres, les clients trouvent rapidement les produits recherch\u00e9s. Lorsque ce dernier semble r\u00e9fl\u00e9chir ou h\u00e9siter, c\u2019est l\u00e0 que le conseil \u00e0 la client\u00e8le rentre en jeu. Quand j\u2019\u00e9tais responsable du secteur alimentaire d\u2019un grand magasin \u00e0 Nyon, les clients les plus m\u00e9contents \u00e9taient redirig\u00e9s vers moi afin que je m\u2019en charge. Au travers de cela, j\u2019ai pris conscience que la relation avec les clients est primordiale. Elle permet de conna\u00eetre comment nos produits sont utilis\u00e9s par chaque client, leurs pr\u00e9f\u00e9rences, leurs besoins en termes de quantit\u00e9 et de d\u00e9lais, mais aussi de les conseiller et bien s\u00fbr d\u2019am\u00e9liorer constamment notre secteur et nos services.<\/p>\n<p>Une fois, un client est venu nous demander 300 kg de beurre dont il avait absolument besoin rapidement. Nous avons fait tout ce qui \u00e9tait dans nos cordes pour lui trouver les quantit\u00e9s d\u00e9sir\u00e9es et avons pu r\u00e9pondre \u00e0 sa demande.<\/p>\n<p>\u00c9tant un amoureux du fromage, j\u2019ai d\u00e9j\u00e0 go\u00fbt\u00e9 la plupart de nos produits, ce qui me permet de donner de bons conseils. Par ailleurs, je demande souvent aux clients de me partager leurs exp\u00e9riences avec nos produits, cela permet de savoir si le client est satisfait et d\u2019ajuster continuellement notre assortiment.<\/p>\n<h3>Quels sont les retours des clients ?<\/h3>\n<p>Les retours sont tr\u00e8s positifs. Les clients reviennent et je vois aussi de nouvelles personnes. Je constate que le volume de marchandises que nous traitons a beaucoup \u00e9volu\u00e9 ces derniers temps et nous avons des nouveaut\u00e9s presque chaque semaine. Avec la fermeture des fronti\u00e8res l\u2019ann\u00e9e pass\u00e9e \u00e0 cause du coronavirus, certains nouveaux clients sont devenus tr\u00e8s fid\u00e8les car ils ont fait la d\u00e9couverte de la qualit\u00e9 de nos produits ainsi que la largeur de notre assortiment, disponible en petite ou grande quantit\u00e9 \u00e0 prix attractif.<\/p>\n<h3>Parlez-nous un peu de vous<\/h3>\n<p>Le domaine de la vente m\u2019a toujours passionn\u00e9. J\u2019ai travaill\u00e9 dans les domaines du sport lors de mon apprentissage. Je me suis ensuite dirig\u00e9 dans le domaine de l\u2019alimentaire o\u00f9 je suis vite devenu responsable du secteur alimentaire dans plusieurs grands magasins. J\u2019ai ensuite travaill\u00e9 en tant qu\u2019ind\u00e9pendant, puis en tant que g\u00e9rant d\u2019une succursale. J\u2019aime le contact avec la client\u00e8le, c\u2019est tr\u00e8s enrichissant et aussi valorisant.<\/p>\n<p>En 2011, j\u2019ai d\u00e9but\u00e9 chez ALIGRO dans le secteur des fruits et l\u00e9gumes lorsque le march\u00e9 de Matran \u00e9tait encore en pleine construction. Puis en 2017, j\u2019ai commenc\u00e9 \u00e0 travailler dans le secteur passionnant des produits laitiers.[\/vc_column_text][\/vc_column][\/vc_row][vc_row][vc_column][vc_separator][\/vc_column][\/vc_row][vc_row][vc_column][vc_column_text]<\/p>\n<h2>D\u00e9couvrez nos actions sur les produits laitiers<\/h2>\n<p style=\"text-align: center; margin-top: 2em;\"><a class=\"CTAbtn\" href=\"https:\/\/www.aligro.ch\/actions\/17-produits-laitiers-oeufs\">VOIR LES ACTIONS DE LA SEMAINE<\/a><\/p>\n<p>[\/vc_column_text][\/vc_column][\/vc_row]<\/p>\n<\/div>","protected":false},"excerpt":{"rendered":"<p>[vc_row][vc_column width=\u00a0\u00bb1\/2&Prime;][vc_column_text]Jean-Pierre Mounir est magasinier-vendeur au rayon des produits laitiers dans le march\u00e9 ALIGRO \u00e0 Matran. Il nous<a class=\"moretag\" href=\"https:\/\/www.aligro.ch\/pages\/fr\/news\/decouvrez-le-rayon-des-produits-laitiers-aligro\/\"> &#8230;<\/a><\/p>\n","protected":false},"author":7,"featured_media":35440,"comment_status":"closed","ping_status":"closed","sticky":false,"template":"","format":"standard","meta":{"_acf_changed":false,"footnotes":""},"categories":[1],"tags":[],"class_list":["post-35436","post","type-post","status-publish","format-standard","has-post-thumbnail","hentry","category-autre"],"acf":[],"yoast_head":"<!-- This site is optimized with the Yoast SEO plugin v27.4 - https:\/\/yoast.com\/product\/yoast-seo-wordpress\/ -->\n<title>D\u00e9couvrez le rayon des produits laitiers ALIGRO<\/title>\n<meta name=\"description\" content=\"Jean-Pierre Mounir est magasinier-vendeur au rayon des produits laitiers dans le march\u00e9 ALIGRO \u00e0 Matran. Il nous pr\u00e9sente son secteur vu de ses 19 ann\u00e9es d\u2019exp\u00e9rience dans le secteur alimentaire.\" \/>\n<meta name=\"robots\" content=\"index, follow, max-snippet:-1, max-image-preview:large, max-video-preview:-1\" \/>\n<link rel=\"canonical\" href=\"https:\/\/www.aligro.ch\/pages\/fr\/news\/decouvrez-le-rayon-des-produits-laitiers-aligro\/\" \/>\n<meta property=\"og:locale\" content=\"fr_FR\" \/>\n<meta property=\"og:type\" content=\"article\" \/>\n<meta property=\"og:title\" content=\"D\u00e9couvrez le rayon des produits laitiers ALIGRO\" \/>\n<meta property=\"og:description\" content=\"Jean-Pierre Mounir est magasinier-vendeur au rayon des produits laitiers dans le march\u00e9 ALIGRO \u00e0 Matran. Il nous pr\u00e9sente son secteur vu de ses 19 ann\u00e9es d\u2019exp\u00e9rience dans le secteur alimentaire.\" \/>\n<meta property=\"og:url\" content=\"https:\/\/www.aligro.ch\/pages\/fr\/news\/decouvrez-le-rayon-des-produits-laitiers-aligro\/\" \/>\n<meta property=\"og:site_name\" content=\"ALIGRO\" \/>\n<meta property=\"article:publisher\" content=\"https:\/\/fb.com\/aligrosuisse\" \/>\n<meta property=\"article:published_time\" content=\"2021-11-02T09:00:26+00:00\" \/>\n<meta property=\"og:image\" content=\"https:\/\/www.aligro.ch\/pages\/wp-content\/uploads\/2021\/11\/Aligro-produits-laitiers1.jpg\" \/>\n\t<meta property=\"og:image:width\" content=\"1560\" \/>\n\t<meta property=\"og:image:height\" content=\"1041\" \/>\n\t<meta property=\"og:image:type\" content=\"image\/jpeg\" \/>\n<meta name=\"author\" content=\"Bryan.Dubuis\" \/>\n<meta name=\"twitter:card\" content=\"summary_large_image\" \/>\n<meta name=\"twitter:label1\" content=\"\u00c9crit par\" \/>\n\t<meta name=\"twitter:data1\" content=\"Bryan.Dubuis\" \/>\n\t<meta name=\"twitter:label2\" content=\"Dur\u00e9e de lecture estim\u00e9e\" \/>\n\t<meta name=\"twitter:data2\" content=\"4 minutes\" \/>\n<script type=\"application\/ld+json\" class=\"yoast-schema-graph\">{\"@context\":\"https:\\\/\\\/schema.org\",\"@graph\":[{\"@type\":\"Article\",\"@id\":\"https:\\\/\\\/www.aligro.ch\\\/pages\\\/fr\\\/news\\\/decouvrez-le-rayon-des-produits-laitiers-aligro\\\/#article\",\"isPartOf\":{\"@id\":\"https:\\\/\\\/www.aligro.ch\\\/pages\\\/fr\\\/news\\\/decouvrez-le-rayon-des-produits-laitiers-aligro\\\/\"},\"author\":{\"name\":\"Bryan.Dubuis\",\"@id\":\"https:\\\/\\\/www.aligro.ch\\\/pages\\\/#\\\/schema\\\/person\\\/777e796cd5f5445dc18658f0b9f9f016\"},\"headline\":\"D\u00e9couvrez le rayon des produits laitiers ALIGRO\",\"datePublished\":\"2021-11-02T09:00:26+00:00\",\"mainEntityOfPage\":{\"@id\":\"https:\\\/\\\/www.aligro.ch\\\/pages\\\/fr\\\/news\\\/decouvrez-le-rayon-des-produits-laitiers-aligro\\\/\"},\"wordCount\":1058,\"publisher\":{\"@id\":\"https:\\\/\\\/www.aligro.ch\\\/pages\\\/#organization\"},\"image\":{\"@id\":\"https:\\\/\\\/www.aligro.ch\\\/pages\\\/fr\\\/news\\\/decouvrez-le-rayon-des-produits-laitiers-aligro\\\/#primaryimage\"},\"thumbnailUrl\":\"https:\\\/\\\/www.aligro.ch\\\/pages\\\/wp-content\\\/uploads\\\/2021\\\/11\\\/Aligro-produits-laitiers1.jpg\",\"articleSection\":[\"Autre\"],\"inLanguage\":\"fr-FR\"},{\"@type\":\"WebPage\",\"@id\":\"https:\\\/\\\/www.aligro.ch\\\/pages\\\/fr\\\/news\\\/decouvrez-le-rayon-des-produits-laitiers-aligro\\\/\",\"url\":\"https:\\\/\\\/www.aligro.ch\\\/pages\\\/fr\\\/news\\\/decouvrez-le-rayon-des-produits-laitiers-aligro\\\/\",\"name\":\"D\u00e9couvrez le rayon des produits laitiers ALIGRO\",\"isPartOf\":{\"@id\":\"https:\\\/\\\/www.aligro.ch\\\/pages\\\/#website\"},\"primaryImageOfPage\":{\"@id\":\"https:\\\/\\\/www.aligro.ch\\\/pages\\\/fr\\\/news\\\/decouvrez-le-rayon-des-produits-laitiers-aligro\\\/#primaryimage\"},\"image\":{\"@id\":\"https:\\\/\\\/www.aligro.ch\\\/pages\\\/fr\\\/news\\\/decouvrez-le-rayon-des-produits-laitiers-aligro\\\/#primaryimage\"},\"thumbnailUrl\":\"https:\\\/\\\/www.aligro.ch\\\/pages\\\/wp-content\\\/uploads\\\/2021\\\/11\\\/Aligro-produits-laitiers1.jpg\",\"datePublished\":\"2021-11-02T09:00:26+00:00\",\"description\":\"Jean-Pierre Mounir est magasinier-vendeur au rayon des produits laitiers dans le march\u00e9 ALIGRO \u00e0 Matran. Il nous pr\u00e9sente son secteur vu de ses 19 ann\u00e9es d\u2019exp\u00e9rience dans le secteur alimentaire.\",\"breadcrumb\":{\"@id\":\"https:\\\/\\\/www.aligro.ch\\\/pages\\\/fr\\\/news\\\/decouvrez-le-rayon-des-produits-laitiers-aligro\\\/#breadcrumb\"},\"inLanguage\":\"fr-FR\",\"potentialAction\":[{\"@type\":\"ReadAction\",\"target\":[\"https:\\\/\\\/www.aligro.ch\\\/pages\\\/fr\\\/news\\\/decouvrez-le-rayon-des-produits-laitiers-aligro\\\/\"]}]},{\"@type\":\"ImageObject\",\"inLanguage\":\"fr-FR\",\"@id\":\"https:\\\/\\\/www.aligro.ch\\\/pages\\\/fr\\\/news\\\/decouvrez-le-rayon-des-produits-laitiers-aligro\\\/#primaryimage\",\"url\":\"https:\\\/\\\/www.aligro.ch\\\/pages\\\/wp-content\\\/uploads\\\/2021\\\/11\\\/Aligro-produits-laitiers1.jpg\",\"contentUrl\":\"https:\\\/\\\/www.aligro.ch\\\/pages\\\/wp-content\\\/uploads\\\/2021\\\/11\\\/Aligro-produits-laitiers1.jpg\",\"width\":1560,\"height\":1041},{\"@type\":\"BreadcrumbList\",\"@id\":\"https:\\\/\\\/www.aligro.ch\\\/pages\\\/fr\\\/news\\\/decouvrez-le-rayon-des-produits-laitiers-aligro\\\/#breadcrumb\",\"itemListElement\":[{\"@type\":\"ListItem\",\"position\":1,\"name\":\"Accueil\",\"item\":\"https:\\\/\\\/www.aligro.ch\\\/pages\\\/de\\\/aligro-academy\\\/\"},{\"@type\":\"ListItem\",\"position\":2,\"name\":\"D\u00e9couvrez le rayon des produits laitiers ALIGRO\"}]},{\"@type\":\"WebSite\",\"@id\":\"https:\\\/\\\/www.aligro.ch\\\/pages\\\/#website\",\"url\":\"https:\\\/\\\/www.aligro.ch\\\/pages\\\/\",\"name\":\"ALIGRO\",\"description\":\"Fra\u00eecheur. Qualit\u00e9. Inspiration.\",\"publisher\":{\"@id\":\"https:\\\/\\\/www.aligro.ch\\\/pages\\\/#organization\"},\"potentialAction\":[{\"@type\":\"SearchAction\",\"target\":{\"@type\":\"EntryPoint\",\"urlTemplate\":\"https:\\\/\\\/www.aligro.ch\\\/pages\\\/?s={search_term_string}\"},\"query-input\":{\"@type\":\"PropertyValueSpecification\",\"valueRequired\":true,\"valueName\":\"search_term_string\"}}],\"inLanguage\":\"fr-FR\"},{\"@type\":\"Organization\",\"@id\":\"https:\\\/\\\/www.aligro.ch\\\/pages\\\/#organization\",\"name\":\"ALIGRO\",\"url\":\"https:\\\/\\\/www.aligro.ch\\\/pages\\\/\",\"logo\":{\"@type\":\"ImageObject\",\"inLanguage\":\"fr-FR\",\"@id\":\"https:\\\/\\\/www.aligro.ch\\\/pages\\\/#\\\/schema\\\/logo\\\/image\\\/\",\"url\":\"https:\\\/\\\/www.aligro.ch\\\/pages\\\/wp-content\\\/uploads\\\/2018\\\/10\\\/Logo@4x.png\",\"contentUrl\":\"https:\\\/\\\/www.aligro.ch\\\/pages\\\/wp-content\\\/uploads\\\/2018\\\/10\\\/Logo@4x.png\",\"width\":1831,\"height\":228,\"caption\":\"ALIGRO\"},\"image\":{\"@id\":\"https:\\\/\\\/www.aligro.ch\\\/pages\\\/#\\\/schema\\\/logo\\\/image\\\/\"},\"sameAs\":[\"https:\\\/\\\/fb.com\\\/aligrosuisse\"]},{\"@type\":\"Person\",\"@id\":\"https:\\\/\\\/www.aligro.ch\\\/pages\\\/#\\\/schema\\\/person\\\/777e796cd5f5445dc18658f0b9f9f016\",\"name\":\"Bryan.Dubuis\",\"image\":{\"@type\":\"ImageObject\",\"inLanguage\":\"fr-FR\",\"@id\":\"https:\\\/\\\/secure.gravatar.com\\\/avatar\\\/f25783eb6169c6f454c439b71266b12b0da0dcb30459ac01a1686f93320329e5?s=96&d=mm&r=g\",\"url\":\"https:\\\/\\\/secure.gravatar.com\\\/avatar\\\/f25783eb6169c6f454c439b71266b12b0da0dcb30459ac01a1686f93320329e5?s=96&d=mm&r=g\",\"contentUrl\":\"https:\\\/\\\/secure.gravatar.com\\\/avatar\\\/f25783eb6169c6f454c439b71266b12b0da0dcb30459ac01a1686f93320329e5?s=96&d=mm&r=g\",\"caption\":\"Bryan.Dubuis\"}}]}<\/script>\n<!-- \/ Yoast SEO plugin. -->","yoast_head_json":{"title":"D\u00e9couvrez le rayon des produits laitiers ALIGRO","description":"Jean-Pierre Mounir est magasinier-vendeur au rayon des produits laitiers dans le march\u00e9 ALIGRO \u00e0 Matran. Il nous pr\u00e9sente son secteur vu de ses 19 ann\u00e9es d\u2019exp\u00e9rience dans le secteur alimentaire.","robots":{"index":"index","follow":"follow","max-snippet":"max-snippet:-1","max-image-preview":"max-image-preview:large","max-video-preview":"max-video-preview:-1"},"canonical":"https:\/\/www.aligro.ch\/pages\/fr\/news\/decouvrez-le-rayon-des-produits-laitiers-aligro\/","og_locale":"fr_FR","og_type":"article","og_title":"D\u00e9couvrez le rayon des produits laitiers ALIGRO","og_description":"Jean-Pierre Mounir est magasinier-vendeur au rayon des produits laitiers dans le march\u00e9 ALIGRO \u00e0 Matran. Il nous pr\u00e9sente son secteur vu de ses 19 ann\u00e9es d\u2019exp\u00e9rience dans le secteur alimentaire.","og_url":"https:\/\/www.aligro.ch\/pages\/fr\/news\/decouvrez-le-rayon-des-produits-laitiers-aligro\/","og_site_name":"ALIGRO","article_publisher":"https:\/\/fb.com\/aligrosuisse","article_published_time":"2021-11-02T09:00:26+00:00","og_image":[{"width":1560,"height":1041,"url":"https:\/\/www.aligro.ch\/pages\/wp-content\/uploads\/2021\/11\/Aligro-produits-laitiers1.jpg","type":"image\/jpeg"}],"author":"Bryan.Dubuis","twitter_card":"summary_large_image","twitter_misc":{"\u00c9crit par":"Bryan.Dubuis","Dur\u00e9e de lecture estim\u00e9e":"4 minutes"},"schema":{"@context":"https:\/\/schema.org","@graph":[{"@type":"Article","@id":"https:\/\/www.aligro.ch\/pages\/fr\/news\/decouvrez-le-rayon-des-produits-laitiers-aligro\/#article","isPartOf":{"@id":"https:\/\/www.aligro.ch\/pages\/fr\/news\/decouvrez-le-rayon-des-produits-laitiers-aligro\/"},"author":{"name":"Bryan.Dubuis","@id":"https:\/\/www.aligro.ch\/pages\/#\/schema\/person\/777e796cd5f5445dc18658f0b9f9f016"},"headline":"D\u00e9couvrez le rayon des produits laitiers ALIGRO","datePublished":"2021-11-02T09:00:26+00:00","mainEntityOfPage":{"@id":"https:\/\/www.aligro.ch\/pages\/fr\/news\/decouvrez-le-rayon-des-produits-laitiers-aligro\/"},"wordCount":1058,"publisher":{"@id":"https:\/\/www.aligro.ch\/pages\/#organization"},"image":{"@id":"https:\/\/www.aligro.ch\/pages\/fr\/news\/decouvrez-le-rayon-des-produits-laitiers-aligro\/#primaryimage"},"thumbnailUrl":"https:\/\/www.aligro.ch\/pages\/wp-content\/uploads\/2021\/11\/Aligro-produits-laitiers1.jpg","articleSection":["Autre"],"inLanguage":"fr-FR"},{"@type":"WebPage","@id":"https:\/\/www.aligro.ch\/pages\/fr\/news\/decouvrez-le-rayon-des-produits-laitiers-aligro\/","url":"https:\/\/www.aligro.ch\/pages\/fr\/news\/decouvrez-le-rayon-des-produits-laitiers-aligro\/","name":"D\u00e9couvrez le rayon des produits laitiers ALIGRO","isPartOf":{"@id":"https:\/\/www.aligro.ch\/pages\/#website"},"primaryImageOfPage":{"@id":"https:\/\/www.aligro.ch\/pages\/fr\/news\/decouvrez-le-rayon-des-produits-laitiers-aligro\/#primaryimage"},"image":{"@id":"https:\/\/www.aligro.ch\/pages\/fr\/news\/decouvrez-le-rayon-des-produits-laitiers-aligro\/#primaryimage"},"thumbnailUrl":"https:\/\/www.aligro.ch\/pages\/wp-content\/uploads\/2021\/11\/Aligro-produits-laitiers1.jpg","datePublished":"2021-11-02T09:00:26+00:00","description":"Jean-Pierre Mounir est magasinier-vendeur au rayon des produits laitiers dans le march\u00e9 ALIGRO \u00e0 Matran. Il nous pr\u00e9sente son secteur vu de ses 19 ann\u00e9es d\u2019exp\u00e9rience dans le secteur alimentaire.","breadcrumb":{"@id":"https:\/\/www.aligro.ch\/pages\/fr\/news\/decouvrez-le-rayon-des-produits-laitiers-aligro\/#breadcrumb"},"inLanguage":"fr-FR","potentialAction":[{"@type":"ReadAction","target":["https:\/\/www.aligro.ch\/pages\/fr\/news\/decouvrez-le-rayon-des-produits-laitiers-aligro\/"]}]},{"@type":"ImageObject","inLanguage":"fr-FR","@id":"https:\/\/www.aligro.ch\/pages\/fr\/news\/decouvrez-le-rayon-des-produits-laitiers-aligro\/#primaryimage","url":"https:\/\/www.aligro.ch\/pages\/wp-content\/uploads\/2021\/11\/Aligro-produits-laitiers1.jpg","contentUrl":"https:\/\/www.aligro.ch\/pages\/wp-content\/uploads\/2021\/11\/Aligro-produits-laitiers1.jpg","width":1560,"height":1041},{"@type":"BreadcrumbList","@id":"https:\/\/www.aligro.ch\/pages\/fr\/news\/decouvrez-le-rayon-des-produits-laitiers-aligro\/#breadcrumb","itemListElement":[{"@type":"ListItem","position":1,"name":"Accueil","item":"https:\/\/www.aligro.ch\/pages\/de\/aligro-academy\/"},{"@type":"ListItem","position":2,"name":"D\u00e9couvrez le rayon des produits laitiers ALIGRO"}]},{"@type":"WebSite","@id":"https:\/\/www.aligro.ch\/pages\/#website","url":"https:\/\/www.aligro.ch\/pages\/","name":"ALIGRO","description":"Fra\u00eecheur. Qualit\u00e9. Inspiration.","publisher":{"@id":"https:\/\/www.aligro.ch\/pages\/#organization"},"potentialAction":[{"@type":"SearchAction","target":{"@type":"EntryPoint","urlTemplate":"https:\/\/www.aligro.ch\/pages\/?s={search_term_string}"},"query-input":{"@type":"PropertyValueSpecification","valueRequired":true,"valueName":"search_term_string"}}],"inLanguage":"fr-FR"},{"@type":"Organization","@id":"https:\/\/www.aligro.ch\/pages\/#organization","name":"ALIGRO","url":"https:\/\/www.aligro.ch\/pages\/","logo":{"@type":"ImageObject","inLanguage":"fr-FR","@id":"https:\/\/www.aligro.ch\/pages\/#\/schema\/logo\/image\/","url":"https:\/\/www.aligro.ch\/pages\/wp-content\/uploads\/2018\/10\/Logo@4x.png","contentUrl":"https:\/\/www.aligro.ch\/pages\/wp-content\/uploads\/2018\/10\/Logo@4x.png","width":1831,"height":228,"caption":"ALIGRO"},"image":{"@id":"https:\/\/www.aligro.ch\/pages\/#\/schema\/logo\/image\/"},"sameAs":["https:\/\/fb.com\/aligrosuisse"]},{"@type":"Person","@id":"https:\/\/www.aligro.ch\/pages\/#\/schema\/person\/777e796cd5f5445dc18658f0b9f9f016","name":"Bryan.Dubuis","image":{"@type":"ImageObject","inLanguage":"fr-FR","@id":"https:\/\/secure.gravatar.com\/avatar\/f25783eb6169c6f454c439b71266b12b0da0dcb30459ac01a1686f93320329e5?s=96&d=mm&r=g","url":"https:\/\/secure.gravatar.com\/avatar\/f25783eb6169c6f454c439b71266b12b0da0dcb30459ac01a1686f93320329e5?s=96&d=mm&r=g","contentUrl":"https:\/\/secure.gravatar.com\/avatar\/f25783eb6169c6f454c439b71266b12b0da0dcb30459ac01a1686f93320329e5?s=96&d=mm&r=g","caption":"Bryan.Dubuis"}}]}},"_links":{"self":[{"href":"https:\/\/www.aligro.ch\/pages\/wp-json\/wp\/v2\/posts\/35436","targetHints":{"allow":["GET"]}}],"collection":[{"href":"https:\/\/www.aligro.ch\/pages\/wp-json\/wp\/v2\/posts"}],"about":[{"href":"https:\/\/www.aligro.ch\/pages\/wp-json\/wp\/v2\/types\/post"}],"author":[{"embeddable":true,"href":"https:\/\/www.aligro.ch\/pages\/wp-json\/wp\/v2\/users\/7"}],"replies":[{"embeddable":true,"href":"https:\/\/www.aligro.ch\/pages\/wp-json\/wp\/v2\/comments?post=35436"}],"version-history":[{"count":5,"href":"https:\/\/www.aligro.ch\/pages\/wp-json\/wp\/v2\/posts\/35436\/revisions"}],"predecessor-version":[{"id":35448,"href":"https:\/\/www.aligro.ch\/pages\/wp-json\/wp\/v2\/posts\/35436\/revisions\/35448"}],"wp:featuredmedia":[{"embeddable":true,"href":"https:\/\/www.aligro.ch\/pages\/wp-json\/wp\/v2\/media\/35440"}],"wp:attachment":[{"href":"https:\/\/www.aligro.ch\/pages\/wp-json\/wp\/v2\/media?parent=35436"}],"wp:term":[{"taxonomy":"category","embeddable":true,"href":"https:\/\/www.aligro.ch\/pages\/wp-json\/wp\/v2\/categories?post=35436"},{"taxonomy":"post_tag","embeddable":true,"href":"https:\/\/www.aligro.ch\/pages\/wp-json\/wp\/v2\/tags?post=35436"}],"curies":[{"name":"wp","href":"https:\/\/api.w.org\/{rel}","templated":true}]}}