{"id":35277,"date":"2021-10-21T16:00:21","date_gmt":"2021-10-21T14:00:21","guid":{"rendered":"https:\/\/www.aligro.ch\/pages\/?p=35277"},"modified":"2021-11-17T10:05:52","modified_gmt":"2021-11-17T09:05:52","slug":"aligro-grosses-angebot-an-wild-prive","status":"publish","type":"post","link":"https:\/\/www.aligro.ch\/pages\/de\/news\/aligro-grosses-angebot-an-wild-prive\/","title":{"rendered":"Aligro: Grosses Angebot an Wild"},"content":{"rendered":"<div class=\"wpb-content-wrapper\"><p>[vc_row][vc_column][vc_column_text]<strong>Die Wildsaison ist bereits seit einigen Wochen angebrochen. ALIGRO zeichnet sich durch ein sehr breites Angebot an Wild aus. Philipp Mettler, Leiter der Metzgerei des ALIGRO-Marktes in Gossau, erz\u00e4hlt in diesem Artikel mehr \u00fcber dieses Gebiet!<\/strong><\/p>\n<p>Seit 2015 arbeitet Philipp Mettler im Aligro in Gossau. Zuerst rund zwei Jahre als Mitarbeiter in der Fleischabteilung, seit nun rund vier Jahren als Rayonleiter Metzgerei. Dadurch besch\u00e4ftigt er sich auch mit Wurstwaren und Traiteurprodukten. Dank seiner Ausbildung im Einzelhandel mit Spezialisierung auf Fleisch verf\u00fcgt er \u00fcber ein solides Fachwissen.<\/p>\n<h3>Gute Wildqualit\u00e4t<\/h3>\n<p>Beim Thema Wild kommt Philipp Mettler ins Schw\u00e4rmen: \u201eDie gute Qualit\u00e4t, die auch hier an erster Stelle steht, der feine Geschmack und die anm\u00e4chelige Pr\u00e4sentation des verkauften Wilds l\u00f6sen bei der Kundschaft entsprechend positive Reaktionen aus.\u201c<\/p>\n<p>Die Wildsaison dauert bis ungef\u00e4hr anfangs Dezember \u2013 da gibt es noch viele Gelegenheiten, Fleisch aus der Jagd zu probieren. Im Moment sind, so Philipp Mettler, vor allem Hirsch- und Reh-Entrec\u00f4te und Wildschweinfilets gefragt. Ausserdem sind Rehr\u00fccken und Rehschnitzel die Renner.[\/vc_column_text][\/vc_column][\/vc_row][vc_row][vc_column width=\u00a0\u00bb1\/2&Prime;][vc_column_text]<\/p>\n<h3>Rehgeschnetzeltes mit J\u00e4gersauce<\/h3>\n<p>Wenn Philipp Mettler an den Kochherd steht um Familie und Freunde zu \u00fcberraschen, weiss er genau, was er gerne und gut kocht: \u201eRehgeschnetzeltes mit einer guten J\u00e4gersauce \u2013 das ist ein Gericht, welches Jedem gelingt.\u201c Und dazu gibt es Sp\u00e4tzli, Rotkraut und glasierte Maroni, alles Sachen, die bei Aligro erh\u00e4ltlich sind.<\/p>\n<h3>Ein sehr komplement\u00e4res Team<\/h3>\n<p>Der Fachmann geniesst seine t\u00e4gliche Arbeit in der Metzgerei, wo er sich \u00fcber den Kontakt mit den Kunden, die gute Atmosph\u00e4re in seinem Team und den Umgang mit Qualit\u00e4tsprodukten freut. \u00ab\u00a0Die Kunden sch\u00e4tzen unsere pers\u00f6nliche Beratung. Unser Team ist komplement\u00e4r und besteht aus einem Verk\u00e4ufer mit Spezialisierung auf Fleisch und einem Koch. So k\u00f6nnen wir auf jede Anfrage mit Kompetenz reagieren\u00a0\u00bb, erkl\u00e4rt Philipp Mettler.[\/vc_column_text][\/vc_column][vc_column width=\u00a0\u00bb1\/2&Prime; css=\u00a0\u00bb.vc_custom_1632895425367{padding-top: 2em !important;padding-right: 1.5em !important;padding-bottom: 2em !important;padding-left: 1.5em !important;background-color: #efefef !important;}\u00a0\u00bb][vc_single_image image=\u00a0\u00bb35222&Prime; img_size=\u00a0\u00bb140&#215;140&Prime; alignment=\u00a0\u00bbcenter\u00a0\u00bb style=\u00a0\u00bbvc_box_circle\u00a0\u00bb css=\u00a0\u00bb.vc_custom_1634653908235{margin-bottom: .25em !important;}\u00a0\u00bb][vc_column_text]<\/p>\n<p style=\"text-align: left;\"><strong>Emmanuel Jolys liebstes Wild-Menu<\/strong><\/p>\n<p>Nach mehr als zehn Jahren Erfahrung als Koch arbeitet Emmanuel Joly seit Juni 2007 bei ALIGRO in Genf in den Bereichen Metzgerei, Charcuterie und Catering. Seine Leidenschaft gilt dem Kundenservice, er gibt sein kulinarisches Wissen gerne weiter. \u00ab\u00a0Mein Lieblings-Wildgericht ist\u201c \u2013 so sagt er ohne Z\u00f6gern \u2013 \u201eder Rehr\u00fccken, also ein sehr zartes St\u00fcck. Ich serviere ihn oft mit einer Grandveneur-Sauce. Diese Sauce wird aus Rotwein, Schalotten, Petersilie, Thymian, Lorbeerbl\u00e4ttern und Johannisbeergelee zubereitet.\u201c[\/vc_column_text][\/vc_column][\/vc_row][vc_row][vc_column][vc_single_image image=\u00a0\u00bb35229&Prime; img_size=\u00a0\u00bbfull\u00a0\u00bb][\/vc_column][\/vc_row]<\/p>\n<\/div>","protected":false},"excerpt":{"rendered":"<p>[vc_row][vc_column][vc_column_text]Die Wildsaison ist bereits seit einigen Wochen angebrochen. ALIGRO zeichnet sich durch ein sehr breites Angebot an Wild<a class=\"moretag\" href=\"https:\/\/www.aligro.ch\/pages\/de\/news\/aligro-grosses-angebot-an-wild-prive\/\"> &#8230;<\/a><\/p>\n","protected":false},"author":7,"featured_media":35229,"comment_status":"closed","ping_status":"closed","sticky":false,"template":"","format":"standard","meta":{"_acf_changed":false,"footnotes":""},"categories":[7],"tags":[],"class_list":["post-35277","post","type-post","status-publish","format-standard","has-post-thumbnail","hentry","category-andere"],"acf":[],"yoast_head":"<!-- This site is optimized with the Yoast SEO plugin v27.4 - https:\/\/yoast.com\/product\/yoast-seo-wordpress\/ -->\n<title>Aligro: Grosses Angebot an Wild<\/title>\n<meta name=\"description\" content=\"Die Wildsaison ist bereits seit einigen Wochen angebrochen. ALIGRO zeichnet sich durch ein sehr breites Angebot an frischem und gefrorenem Wild aus. Philipp Mettler, Leiter der Metzgerei des ALIGRO-Marktes in Gossau, erz\u00e4hlt in diesem Artikel mehr \u00fcber dieses Gebiet!\" \/>\n<meta name=\"robots\" content=\"index, follow, max-snippet:-1, max-image-preview:large, max-video-preview:-1\" \/>\n<link rel=\"canonical\" href=\"https:\/\/www.aligro.ch\/pages\/de\/news\/aligro-grosses-angebot-an-wild-prive\/\" \/>\n<meta property=\"og:locale\" content=\"fr_FR\" \/>\n<meta property=\"og:type\" content=\"article\" \/>\n<meta property=\"og:title\" content=\"Aligro: Grosses Angebot an Wild\" \/>\n<meta property=\"og:description\" content=\"Die Wildsaison ist bereits seit einigen Wochen angebrochen. ALIGRO zeichnet sich durch ein sehr breites Angebot an frischem und gefrorenem Wild aus. Philipp Mettler, Leiter der Metzgerei des ALIGRO-Marktes in Gossau, erz\u00e4hlt in diesem Artikel mehr \u00fcber dieses Gebiet!\" \/>\n<meta property=\"og:url\" content=\"https:\/\/www.aligro.ch\/pages\/de\/news\/aligro-grosses-angebot-an-wild-prive\/\" \/>\n<meta property=\"og:site_name\" content=\"ALIGRO\" \/>\n<meta property=\"article:publisher\" content=\"https:\/\/fb.com\/aligrosuisse\" \/>\n<meta property=\"article:published_time\" content=\"2021-10-21T14:00:21+00:00\" \/>\n<meta property=\"article:modified_time\" content=\"2021-11-17T09:05:52+00:00\" \/>\n<meta property=\"og:image\" content=\"https:\/\/www.aligro.ch\/pages\/wp-content\/uploads\/2021\/10\/COVER-Wildsaison-Chasse-1080px-1.jpg\" \/>\n\t<meta property=\"og:image:width\" content=\"1080\" \/>\n\t<meta property=\"og:image:height\" content=\"810\" \/>\n\t<meta property=\"og:image:type\" content=\"image\/jpeg\" \/>\n<meta name=\"author\" content=\"Bryan.Dubuis\" \/>\n<meta name=\"twitter:card\" content=\"summary_large_image\" \/>\n<meta name=\"twitter:label1\" content=\"\u00c9crit par\" \/>\n\t<meta name=\"twitter:data1\" content=\"Bryan.Dubuis\" \/>\n\t<meta name=\"twitter:label2\" content=\"Dur\u00e9e de lecture estim\u00e9e\" \/>\n\t<meta name=\"twitter:data2\" content=\"2 minutes\" \/>\n<script type=\"application\/ld+json\" class=\"yoast-schema-graph\">{\"@context\":\"https:\\\/\\\/schema.org\",\"@graph\":[{\"@type\":\"Article\",\"@id\":\"https:\\\/\\\/www.aligro.ch\\\/pages\\\/de\\\/news\\\/aligro-grosses-angebot-an-wild-prive\\\/#article\",\"isPartOf\":{\"@id\":\"https:\\\/\\\/www.aligro.ch\\\/pages\\\/de\\\/news\\\/aligro-grosses-angebot-an-wild-prive\\\/\"},\"author\":{\"name\":\"Bryan.Dubuis\",\"@id\":\"https:\\\/\\\/www.aligro.ch\\\/pages\\\/#\\\/schema\\\/person\\\/777e796cd5f5445dc18658f0b9f9f016\"},\"headline\":\"Aligro: Grosses Angebot an Wild\",\"datePublished\":\"2021-10-21T14:00:21+00:00\",\"dateModified\":\"2021-11-17T09:05:52+00:00\",\"mainEntityOfPage\":{\"@id\":\"https:\\\/\\\/www.aligro.ch\\\/pages\\\/de\\\/news\\\/aligro-grosses-angebot-an-wild-prive\\\/\"},\"wordCount\":485,\"publisher\":{\"@id\":\"https:\\\/\\\/www.aligro.ch\\\/pages\\\/#organization\"},\"image\":{\"@id\":\"https:\\\/\\\/www.aligro.ch\\\/pages\\\/de\\\/news\\\/aligro-grosses-angebot-an-wild-prive\\\/#primaryimage\"},\"thumbnailUrl\":\"https:\\\/\\\/www.aligro.ch\\\/pages\\\/wp-content\\\/uploads\\\/2021\\\/10\\\/COVER-Wildsaison-Chasse-1080px-1.jpg\",\"articleSection\":[\"Andere\"],\"inLanguage\":\"fr-FR\"},{\"@type\":\"WebPage\",\"@id\":\"https:\\\/\\\/www.aligro.ch\\\/pages\\\/de\\\/news\\\/aligro-grosses-angebot-an-wild-prive\\\/\",\"url\":\"https:\\\/\\\/www.aligro.ch\\\/pages\\\/de\\\/news\\\/aligro-grosses-angebot-an-wild-prive\\\/\",\"name\":\"Aligro: Grosses Angebot an Wild\",\"isPartOf\":{\"@id\":\"https:\\\/\\\/www.aligro.ch\\\/pages\\\/#website\"},\"primaryImageOfPage\":{\"@id\":\"https:\\\/\\\/www.aligro.ch\\\/pages\\\/de\\\/news\\\/aligro-grosses-angebot-an-wild-prive\\\/#primaryimage\"},\"image\":{\"@id\":\"https:\\\/\\\/www.aligro.ch\\\/pages\\\/de\\\/news\\\/aligro-grosses-angebot-an-wild-prive\\\/#primaryimage\"},\"thumbnailUrl\":\"https:\\\/\\\/www.aligro.ch\\\/pages\\\/wp-content\\\/uploads\\\/2021\\\/10\\\/COVER-Wildsaison-Chasse-1080px-1.jpg\",\"datePublished\":\"2021-10-21T14:00:21+00:00\",\"dateModified\":\"2021-11-17T09:05:52+00:00\",\"description\":\"Die Wildsaison ist bereits seit einigen Wochen angebrochen. ALIGRO zeichnet sich durch ein sehr breites Angebot an frischem und gefrorenem Wild aus. Philipp Mettler, Leiter der Metzgerei des ALIGRO-Marktes in Gossau, erz\u00e4hlt in diesem Artikel mehr \u00fcber dieses Gebiet!\",\"breadcrumb\":{\"@id\":\"https:\\\/\\\/www.aligro.ch\\\/pages\\\/de\\\/news\\\/aligro-grosses-angebot-an-wild-prive\\\/#breadcrumb\"},\"inLanguage\":\"fr-FR\",\"potentialAction\":[{\"@type\":\"ReadAction\",\"target\":[\"https:\\\/\\\/www.aligro.ch\\\/pages\\\/de\\\/news\\\/aligro-grosses-angebot-an-wild-prive\\\/\"]}]},{\"@type\":\"ImageObject\",\"inLanguage\":\"fr-FR\",\"@id\":\"https:\\\/\\\/www.aligro.ch\\\/pages\\\/de\\\/news\\\/aligro-grosses-angebot-an-wild-prive\\\/#primaryimage\",\"url\":\"https:\\\/\\\/www.aligro.ch\\\/pages\\\/wp-content\\\/uploads\\\/2021\\\/10\\\/COVER-Wildsaison-Chasse-1080px-1.jpg\",\"contentUrl\":\"https:\\\/\\\/www.aligro.ch\\\/pages\\\/wp-content\\\/uploads\\\/2021\\\/10\\\/COVER-Wildsaison-Chasse-1080px-1.jpg\",\"width\":1080,\"height\":810},{\"@type\":\"BreadcrumbList\",\"@id\":\"https:\\\/\\\/www.aligro.ch\\\/pages\\\/de\\\/news\\\/aligro-grosses-angebot-an-wild-prive\\\/#breadcrumb\",\"itemListElement\":[{\"@type\":\"ListItem\",\"position\":1,\"name\":\"Accueil\",\"item\":\"https:\\\/\\\/www.aligro.ch\\\/pages\\\/de\\\/aligro-academy\\\/\"},{\"@type\":\"ListItem\",\"position\":2,\"name\":\"Aligro: Grosses Angebot an Wild\"}]},{\"@type\":\"WebSite\",\"@id\":\"https:\\\/\\\/www.aligro.ch\\\/pages\\\/#website\",\"url\":\"https:\\\/\\\/www.aligro.ch\\\/pages\\\/\",\"name\":\"ALIGRO\",\"description\":\"Fra\u00eecheur. Qualit\u00e9. Inspiration.\",\"publisher\":{\"@id\":\"https:\\\/\\\/www.aligro.ch\\\/pages\\\/#organization\"},\"potentialAction\":[{\"@type\":\"SearchAction\",\"target\":{\"@type\":\"EntryPoint\",\"urlTemplate\":\"https:\\\/\\\/www.aligro.ch\\\/pages\\\/?s={search_term_string}\"},\"query-input\":{\"@type\":\"PropertyValueSpecification\",\"valueRequired\":true,\"valueName\":\"search_term_string\"}}],\"inLanguage\":\"fr-FR\"},{\"@type\":\"Organization\",\"@id\":\"https:\\\/\\\/www.aligro.ch\\\/pages\\\/#organization\",\"name\":\"ALIGRO\",\"url\":\"https:\\\/\\\/www.aligro.ch\\\/pages\\\/\",\"logo\":{\"@type\":\"ImageObject\",\"inLanguage\":\"fr-FR\",\"@id\":\"https:\\\/\\\/www.aligro.ch\\\/pages\\\/#\\\/schema\\\/logo\\\/image\\\/\",\"url\":\"https:\\\/\\\/www.aligro.ch\\\/pages\\\/wp-content\\\/uploads\\\/2018\\\/10\\\/Logo@4x.png\",\"contentUrl\":\"https:\\\/\\\/www.aligro.ch\\\/pages\\\/wp-content\\\/uploads\\\/2018\\\/10\\\/Logo@4x.png\",\"width\":1831,\"height\":228,\"caption\":\"ALIGRO\"},\"image\":{\"@id\":\"https:\\\/\\\/www.aligro.ch\\\/pages\\\/#\\\/schema\\\/logo\\\/image\\\/\"},\"sameAs\":[\"https:\\\/\\\/fb.com\\\/aligrosuisse\"]},{\"@type\":\"Person\",\"@id\":\"https:\\\/\\\/www.aligro.ch\\\/pages\\\/#\\\/schema\\\/person\\\/777e796cd5f5445dc18658f0b9f9f016\",\"name\":\"Bryan.Dubuis\",\"image\":{\"@type\":\"ImageObject\",\"inLanguage\":\"fr-FR\",\"@id\":\"https:\\\/\\\/secure.gravatar.com\\\/avatar\\\/f25783eb6169c6f454c439b71266b12b0da0dcb30459ac01a1686f93320329e5?s=96&d=mm&r=g\",\"url\":\"https:\\\/\\\/secure.gravatar.com\\\/avatar\\\/f25783eb6169c6f454c439b71266b12b0da0dcb30459ac01a1686f93320329e5?s=96&d=mm&r=g\",\"contentUrl\":\"https:\\\/\\\/secure.gravatar.com\\\/avatar\\\/f25783eb6169c6f454c439b71266b12b0da0dcb30459ac01a1686f93320329e5?s=96&d=mm&r=g\",\"caption\":\"Bryan.Dubuis\"}}]}<\/script>\n<!-- \/ Yoast SEO plugin. -->","yoast_head_json":{"title":"Aligro: Grosses Angebot an Wild","description":"Die Wildsaison ist bereits seit einigen Wochen angebrochen. ALIGRO zeichnet sich durch ein sehr breites Angebot an frischem und gefrorenem Wild aus. Philipp Mettler, Leiter der Metzgerei des ALIGRO-Marktes in Gossau, erz\u00e4hlt in diesem Artikel mehr \u00fcber dieses Gebiet!","robots":{"index":"index","follow":"follow","max-snippet":"max-snippet:-1","max-image-preview":"max-image-preview:large","max-video-preview":"max-video-preview:-1"},"canonical":"https:\/\/www.aligro.ch\/pages\/de\/news\/aligro-grosses-angebot-an-wild-prive\/","og_locale":"fr_FR","og_type":"article","og_title":"Aligro: Grosses Angebot an Wild","og_description":"Die Wildsaison ist bereits seit einigen Wochen angebrochen. ALIGRO zeichnet sich durch ein sehr breites Angebot an frischem und gefrorenem Wild aus. Philipp Mettler, Leiter der Metzgerei des ALIGRO-Marktes in Gossau, erz\u00e4hlt in diesem Artikel mehr \u00fcber dieses Gebiet!","og_url":"https:\/\/www.aligro.ch\/pages\/de\/news\/aligro-grosses-angebot-an-wild-prive\/","og_site_name":"ALIGRO","article_publisher":"https:\/\/fb.com\/aligrosuisse","article_published_time":"2021-10-21T14:00:21+00:00","article_modified_time":"2021-11-17T09:05:52+00:00","og_image":[{"width":1080,"height":810,"url":"https:\/\/www.aligro.ch\/pages\/wp-content\/uploads\/2021\/10\/COVER-Wildsaison-Chasse-1080px-1.jpg","type":"image\/jpeg"}],"author":"Bryan.Dubuis","twitter_card":"summary_large_image","twitter_misc":{"\u00c9crit par":"Bryan.Dubuis","Dur\u00e9e de lecture estim\u00e9e":"2 minutes"},"schema":{"@context":"https:\/\/schema.org","@graph":[{"@type":"Article","@id":"https:\/\/www.aligro.ch\/pages\/de\/news\/aligro-grosses-angebot-an-wild-prive\/#article","isPartOf":{"@id":"https:\/\/www.aligro.ch\/pages\/de\/news\/aligro-grosses-angebot-an-wild-prive\/"},"author":{"name":"Bryan.Dubuis","@id":"https:\/\/www.aligro.ch\/pages\/#\/schema\/person\/777e796cd5f5445dc18658f0b9f9f016"},"headline":"Aligro: Grosses Angebot an Wild","datePublished":"2021-10-21T14:00:21+00:00","dateModified":"2021-11-17T09:05:52+00:00","mainEntityOfPage":{"@id":"https:\/\/www.aligro.ch\/pages\/de\/news\/aligro-grosses-angebot-an-wild-prive\/"},"wordCount":485,"publisher":{"@id":"https:\/\/www.aligro.ch\/pages\/#organization"},"image":{"@id":"https:\/\/www.aligro.ch\/pages\/de\/news\/aligro-grosses-angebot-an-wild-prive\/#primaryimage"},"thumbnailUrl":"https:\/\/www.aligro.ch\/pages\/wp-content\/uploads\/2021\/10\/COVER-Wildsaison-Chasse-1080px-1.jpg","articleSection":["Andere"],"inLanguage":"fr-FR"},{"@type":"WebPage","@id":"https:\/\/www.aligro.ch\/pages\/de\/news\/aligro-grosses-angebot-an-wild-prive\/","url":"https:\/\/www.aligro.ch\/pages\/de\/news\/aligro-grosses-angebot-an-wild-prive\/","name":"Aligro: Grosses Angebot an Wild","isPartOf":{"@id":"https:\/\/www.aligro.ch\/pages\/#website"},"primaryImageOfPage":{"@id":"https:\/\/www.aligro.ch\/pages\/de\/news\/aligro-grosses-angebot-an-wild-prive\/#primaryimage"},"image":{"@id":"https:\/\/www.aligro.ch\/pages\/de\/news\/aligro-grosses-angebot-an-wild-prive\/#primaryimage"},"thumbnailUrl":"https:\/\/www.aligro.ch\/pages\/wp-content\/uploads\/2021\/10\/COVER-Wildsaison-Chasse-1080px-1.jpg","datePublished":"2021-10-21T14:00:21+00:00","dateModified":"2021-11-17T09:05:52+00:00","description":"Die Wildsaison ist bereits seit einigen Wochen angebrochen. ALIGRO zeichnet sich durch ein sehr breites Angebot an frischem und gefrorenem Wild aus. Philipp Mettler, Leiter der Metzgerei des ALIGRO-Marktes in Gossau, erz\u00e4hlt in diesem Artikel mehr \u00fcber dieses Gebiet!","breadcrumb":{"@id":"https:\/\/www.aligro.ch\/pages\/de\/news\/aligro-grosses-angebot-an-wild-prive\/#breadcrumb"},"inLanguage":"fr-FR","potentialAction":[{"@type":"ReadAction","target":["https:\/\/www.aligro.ch\/pages\/de\/news\/aligro-grosses-angebot-an-wild-prive\/"]}]},{"@type":"ImageObject","inLanguage":"fr-FR","@id":"https:\/\/www.aligro.ch\/pages\/de\/news\/aligro-grosses-angebot-an-wild-prive\/#primaryimage","url":"https:\/\/www.aligro.ch\/pages\/wp-content\/uploads\/2021\/10\/COVER-Wildsaison-Chasse-1080px-1.jpg","contentUrl":"https:\/\/www.aligro.ch\/pages\/wp-content\/uploads\/2021\/10\/COVER-Wildsaison-Chasse-1080px-1.jpg","width":1080,"height":810},{"@type":"BreadcrumbList","@id":"https:\/\/www.aligro.ch\/pages\/de\/news\/aligro-grosses-angebot-an-wild-prive\/#breadcrumb","itemListElement":[{"@type":"ListItem","position":1,"name":"Accueil","item":"https:\/\/www.aligro.ch\/pages\/de\/aligro-academy\/"},{"@type":"ListItem","position":2,"name":"Aligro: Grosses Angebot an Wild"}]},{"@type":"WebSite","@id":"https:\/\/www.aligro.ch\/pages\/#website","url":"https:\/\/www.aligro.ch\/pages\/","name":"ALIGRO","description":"Fra\u00eecheur. Qualit\u00e9. Inspiration.","publisher":{"@id":"https:\/\/www.aligro.ch\/pages\/#organization"},"potentialAction":[{"@type":"SearchAction","target":{"@type":"EntryPoint","urlTemplate":"https:\/\/www.aligro.ch\/pages\/?s={search_term_string}"},"query-input":{"@type":"PropertyValueSpecification","valueRequired":true,"valueName":"search_term_string"}}],"inLanguage":"fr-FR"},{"@type":"Organization","@id":"https:\/\/www.aligro.ch\/pages\/#organization","name":"ALIGRO","url":"https:\/\/www.aligro.ch\/pages\/","logo":{"@type":"ImageObject","inLanguage":"fr-FR","@id":"https:\/\/www.aligro.ch\/pages\/#\/schema\/logo\/image\/","url":"https:\/\/www.aligro.ch\/pages\/wp-content\/uploads\/2018\/10\/Logo@4x.png","contentUrl":"https:\/\/www.aligro.ch\/pages\/wp-content\/uploads\/2018\/10\/Logo@4x.png","width":1831,"height":228,"caption":"ALIGRO"},"image":{"@id":"https:\/\/www.aligro.ch\/pages\/#\/schema\/logo\/image\/"},"sameAs":["https:\/\/fb.com\/aligrosuisse"]},{"@type":"Person","@id":"https:\/\/www.aligro.ch\/pages\/#\/schema\/person\/777e796cd5f5445dc18658f0b9f9f016","name":"Bryan.Dubuis","image":{"@type":"ImageObject","inLanguage":"fr-FR","@id":"https:\/\/secure.gravatar.com\/avatar\/f25783eb6169c6f454c439b71266b12b0da0dcb30459ac01a1686f93320329e5?s=96&d=mm&r=g","url":"https:\/\/secure.gravatar.com\/avatar\/f25783eb6169c6f454c439b71266b12b0da0dcb30459ac01a1686f93320329e5?s=96&d=mm&r=g","contentUrl":"https:\/\/secure.gravatar.com\/avatar\/f25783eb6169c6f454c439b71266b12b0da0dcb30459ac01a1686f93320329e5?s=96&d=mm&r=g","caption":"Bryan.Dubuis"}}]}},"_links":{"self":[{"href":"https:\/\/www.aligro.ch\/pages\/wp-json\/wp\/v2\/posts\/35277","targetHints":{"allow":["GET"]}}],"collection":[{"href":"https:\/\/www.aligro.ch\/pages\/wp-json\/wp\/v2\/posts"}],"about":[{"href":"https:\/\/www.aligro.ch\/pages\/wp-json\/wp\/v2\/types\/post"}],"author":[{"embeddable":true,"href":"https:\/\/www.aligro.ch\/pages\/wp-json\/wp\/v2\/users\/7"}],"replies":[{"embeddable":true,"href":"https:\/\/www.aligro.ch\/pages\/wp-json\/wp\/v2\/comments?post=35277"}],"version-history":[{"count":2,"href":"https:\/\/www.aligro.ch\/pages\/wp-json\/wp\/v2\/posts\/35277\/revisions"}],"predecessor-version":[{"id":35854,"href":"https:\/\/www.aligro.ch\/pages\/wp-json\/wp\/v2\/posts\/35277\/revisions\/35854"}],"wp:featuredmedia":[{"embeddable":true,"href":"https:\/\/www.aligro.ch\/pages\/wp-json\/wp\/v2\/media\/35229"}],"wp:attachment":[{"href":"https:\/\/www.aligro.ch\/pages\/wp-json\/wp\/v2\/media?parent=35277"}],"wp:term":[{"taxonomy":"category","embeddable":true,"href":"https:\/\/www.aligro.ch\/pages\/wp-json\/wp\/v2\/categories?post=35277"},{"taxonomy":"post_tag","embeddable":true,"href":"https:\/\/www.aligro.ch\/pages\/wp-json\/wp\/v2\/tags?post=35277"}],"curies":[{"name":"wp","href":"https:\/\/api.w.org\/{rel}","templated":true}]}}