{"id":35276,"date":"2021-10-21T16:00:30","date_gmt":"2021-10-21T14:00:30","guid":{"rendered":"https:\/\/www.aligro.ch\/pages\/?p=35276"},"modified":"2021-11-17T10:05:21","modified_gmt":"2021-11-17T09:05:21","slug":"aligro-un-vaste-choix-de-viande-de-chasse-prive","status":"publish","type":"post","link":"https:\/\/www.aligro.ch\/pages\/fr\/news\/aligro-un-vaste-choix-de-viande-de-chasse-prive\/","title":{"rendered":"Aligro : un vaste choix de viande de chasse"},"content":{"rendered":"<div class=\"wpb-content-wrapper\"><p>[vc_row][vc_column width=\u00a0\u00bb1\/2&Prime;][vc_column_text]<strong>La saison de la chasse a d\u00e9j\u00e0 commenc\u00e9 depuis quelques semaines. ALIGRO se distingue par une tr\u00e8s large gamme de chasse. Philipp Mettler, le responsable du secteur boucherie du march\u00e9 ALIGRO de Gossau, vous en dit plus sur ce domaine ! <\/strong><\/p>\n<p>Depuis 2015, Philipp Mettler travaille chez Aligro \u00e0 Gossau. Il a commenc\u00e9 en tant qu&#8217;employ\u00e9 dans le secteur de la boucherie. Apr\u00e8s 2 ans, il en est devenu le responsable. Il s\u2019occupe \u00e9galement de la charcuterie et des produits \u00ab\u00a0traiteur\u00a0\u00bb. Gr\u00e2ce \u00e0 sa formation dans le commerce de d\u00e9tail avec une sp\u00e9cialisation en viande, il a acquis une solide expertise.<\/p>\n<h3>De la chasse de qualit\u00e9<\/h3>\n<p>Lorsqu&rsquo;il s&rsquo;agit de la chasse, Philipp Mettler s\u2019enthousiasme : \u00ab\u00a0La qualit\u00e9, qui est notre priorit\u00e9 chez ALIGRO, et le go\u00fbt raffin\u00e9 de nos viandes de chasse et leur vari\u00e9t\u00e9 suscitent beaucoup d\u2019int\u00e9r\u00eat de nos clients.\u00a0\u00bb[\/vc_column_text][\/vc_column][vc_column width=\u00a0\u00bb1\/2&Prime; css=\u00a0\u00bb.vc_custom_1632894489341{padding-top: .75em !important;padding-right: .75em !important;padding-bottom: 2em !important;padding-left: 1rem !important;background-color: #efefef !important;}\u00a0\u00bb][vc_single_image image=\u00a0\u00bb35218&Prime; img_size=\u00a0\u00bb140&#215;140&Prime; alignment=\u00a0\u00bbcenter\u00a0\u00bb style=\u00a0\u00bbvc_box_circle\u00a0\u00bb css=\u00a0\u00bb.vc_custom_1634654557580{margin-top: 20px !important;margin-bottom: .25em !important;}\u00a0\u00bb][vc_column_text css=\u00a0\u00bb.vc_custom_1634654544373{margin-top: 25px !important;margin-right: 5px !important;margin-bottom: 20px !important;margin-left: 5px !important;}\u00a0\u00bb]<\/p>\n<p style=\"text-align: center;\"><strong>Le menu chasse pr\u00e9f\u00e9r\u00e9 d&rsquo;Emmanuel Joly<\/strong><\/p>\n<p>[\/vc_column_text][vc_column_text css=\u00a0\u00bb.vc_custom_1637139918637{margin-bottom: .25em !important;}\u00a0\u00bb]<\/p>\n<p style=\"text-align: center;\">Apr\u00e8s plus de dix ans d&rsquo;exp\u00e9rience en tant que cuisinier, Emmanuel Joly travaille depuis juin 2007 chez ALIGRO \u00e0 Gen\u00e8ve dans le secteur de la boucherie. Il est passionn\u00e9 par le service \u00e0 la client\u00e8le et aime transmettre ses connaissances culinaires. \u00ab\u00a0Mon plat de chasse pr\u00e9f\u00e9r\u00e9 est la selle de chevreuil, qui est un morceau tr\u00e8s tendre.\u00a0\u00bb dit-il sans h\u00e9siter. \u00ab\u00a0Je le sers souvent avec une sauce grand veneur. Cette sauce sp\u00e9ciale est compos\u00e9e de vin rouge, d&rsquo;\u00e9chalotes, de persil, de thym, de feuilles de laurier et de gel\u00e9e de groseilles : un d\u00e9lice !\u00a0\u00bb<\/p>\n<p>[\/vc_column_text][\/vc_column][\/vc_row][vc_row][vc_column][vc_column_text]La saison de la chasse dure jusqu&rsquo;\u00e0 d\u00e9but d\u00e9cembre environ \u2013 il y a ainsi encore de nombreuses occasions pour d\u00e9guster de bons repas de chasse. Actuellement, selon Philipp Mettler, les entrec\u00f4tes de cerf et de chevreuil ainsi que les filets de sanglier sont particuli\u00e8rement demand\u00e9s. Par ailleurs, la selle de chevreuil et les escalopes de chevreuil sont \u00e9galement tr\u00e8s pris\u00e9es.<\/p>\n<h3>Escalopes de chevreuil avec une sauce chasseur<\/h3>\n<p>Lorsque Philipp Mettler se tient devant sa cuisini\u00e8re pour pr\u00e9parer un repas typiquement automnal \u00e0 sa famille et ses amis, il sait exactement ce qu&rsquo;il va cuisiner : \u00ab\u00a0L&rsquo;escalope de chevreuil avec une bonne sauce chasseur &#8211; c&rsquo;est un plat que tout le monde aime. Je l\u2019accompagne volontiers de spaetzli, de chou rouge et de ch\u00e2taignes caram\u00e9lis\u00e9es que l&rsquo;on trouve chez ALIGRO.<\/p>\n<h3>Une \u00e9quipe tr\u00e8s compl\u00e9mentaire<\/h3>\n<p>L\u2019expert a beaucoup de plaisir \u00e0 travailler au quotidien \u00e0 la boucherie, o\u00f9 le contact avec la client\u00e8le, la bonne ambiance qui r\u00e8gne dans son \u00e9quipe et la manutention de produits de qualit\u00e9 l\u2019\u00e9panouissent. \u00ab\u00a0Les clients appr\u00e9cient nos conseils personnalis\u00e9s. Notre \u00e9quipe est compl\u00e9mentaire, elle se compose d\u2019un vendeur avec une sp\u00e9cialisation en viande et d&rsquo;un cuisinier. De cette fa\u00e7on, nous pouvons r\u00e9pondre \u00e0 chaque demande avec expertise\u00a0\u00bb, explique Philipp Mettler.[\/vc_column_text][\/vc_column][\/vc_row][vc_row][vc_column][vc_single_image image=\u00a0\u00bb35332&Prime; img_size=\u00a0\u00bbfull\u00a0\u00bb][\/vc_column][\/vc_row]<\/p>\n<\/div>","protected":false},"excerpt":{"rendered":"<p>[vc_row][vc_column width=\u00a0\u00bb1\/2&Prime;][vc_column_text]La saison de la chasse a d\u00e9j\u00e0 commenc\u00e9 depuis quelques semaines. ALIGRO se distingue par une tr\u00e8s<a class=\"moretag\" href=\"https:\/\/www.aligro.ch\/pages\/fr\/news\/aligro-un-vaste-choix-de-viande-de-chasse-prive\/\"> &#8230;<\/a><\/p>\n","protected":false},"author":7,"featured_media":35332,"comment_status":"closed","ping_status":"closed","sticky":false,"template":"","format":"standard","meta":{"_acf_changed":false,"footnotes":""},"categories":[1],"tags":[],"class_list":["post-35276","post","type-post","status-publish","format-standard","has-post-thumbnail","hentry","category-autre"],"acf":[],"yoast_head":"<!-- This site is optimized with the Yoast SEO plugin v27.4 - https:\/\/yoast.com\/product\/yoast-seo-wordpress\/ -->\n<title>Aligro : un vaste choix de viande de chasse<\/title>\n<meta name=\"description\" content=\"La saison de la chasse a d\u00e9j\u00e0 commenc\u00e9 depuis quelques semaines. ALIGRO se distingue par une tr\u00e8s large gamme de chasse fra\u00eeche et surgel\u00e9e. Philipp Mettler, le responsable du secteur boucherie du march\u00e9 ALIGRO de Gossau, vous en dit plus sur ce domaine !\" \/>\n<meta name=\"robots\" content=\"index, follow, max-snippet:-1, max-image-preview:large, max-video-preview:-1\" \/>\n<link rel=\"canonical\" href=\"https:\/\/www.aligro.ch\/pages\/fr\/news\/aligro-un-vaste-choix-de-viande-de-chasse-prive\/\" \/>\n<meta property=\"og:locale\" content=\"fr_FR\" \/>\n<meta property=\"og:type\" content=\"article\" \/>\n<meta property=\"og:title\" content=\"Aligro : un vaste choix de viande de chasse\" \/>\n<meta property=\"og:description\" content=\"La saison de la chasse a d\u00e9j\u00e0 commenc\u00e9 depuis quelques semaines. ALIGRO se distingue par une tr\u00e8s large gamme de chasse fra\u00eeche et surgel\u00e9e. Philipp Mettler, le responsable du secteur boucherie du march\u00e9 ALIGRO de Gossau, vous en dit plus sur ce domaine !\" \/>\n<meta property=\"og:url\" content=\"https:\/\/www.aligro.ch\/pages\/fr\/news\/aligro-un-vaste-choix-de-viande-de-chasse-prive\/\" \/>\n<meta property=\"og:site_name\" content=\"ALIGRO\" \/>\n<meta property=\"article:publisher\" content=\"https:\/\/fb.com\/aligrosuisse\" \/>\n<meta property=\"article:published_time\" content=\"2021-10-21T14:00:30+00:00\" \/>\n<meta property=\"article:modified_time\" content=\"2021-11-17T09:05:21+00:00\" \/>\n<meta property=\"og:image\" content=\"https:\/\/www.aligro.ch\/pages\/wp-content\/uploads\/2021\/10\/COVER-Wildsaison-Chasse-1080px-FR.jpg\" \/>\n\t<meta property=\"og:image:width\" content=\"1080\" \/>\n\t<meta property=\"og:image:height\" content=\"810\" \/>\n\t<meta property=\"og:image:type\" content=\"image\/jpeg\" \/>\n<meta name=\"author\" content=\"Bryan.Dubuis\" \/>\n<meta name=\"twitter:card\" content=\"summary_large_image\" \/>\n<meta name=\"twitter:label1\" content=\"\u00c9crit par\" \/>\n\t<meta name=\"twitter:data1\" content=\"Bryan.Dubuis\" \/>\n\t<meta name=\"twitter:label2\" content=\"Dur\u00e9e de lecture estim\u00e9e\" \/>\n\t<meta name=\"twitter:data2\" content=\"3 minutes\" \/>\n<script type=\"application\/ld+json\" class=\"yoast-schema-graph\">{\"@context\":\"https:\\\/\\\/schema.org\",\"@graph\":[{\"@type\":\"Article\",\"@id\":\"https:\\\/\\\/www.aligro.ch\\\/pages\\\/fr\\\/news\\\/aligro-un-vaste-choix-de-viande-de-chasse-prive\\\/#article\",\"isPartOf\":{\"@id\":\"https:\\\/\\\/www.aligro.ch\\\/pages\\\/fr\\\/news\\\/aligro-un-vaste-choix-de-viande-de-chasse-prive\\\/\"},\"author\":{\"name\":\"Bryan.Dubuis\",\"@id\":\"https:\\\/\\\/www.aligro.ch\\\/pages\\\/#\\\/schema\\\/person\\\/777e796cd5f5445dc18658f0b9f9f016\"},\"headline\":\"Aligro : un vaste choix de viande de chasse\",\"datePublished\":\"2021-10-21T14:00:30+00:00\",\"dateModified\":\"2021-11-17T09:05:21+00:00\",\"mainEntityOfPage\":{\"@id\":\"https:\\\/\\\/www.aligro.ch\\\/pages\\\/fr\\\/news\\\/aligro-un-vaste-choix-de-viande-de-chasse-prive\\\/\"},\"wordCount\":625,\"publisher\":{\"@id\":\"https:\\\/\\\/www.aligro.ch\\\/pages\\\/#organization\"},\"image\":{\"@id\":\"https:\\\/\\\/www.aligro.ch\\\/pages\\\/fr\\\/news\\\/aligro-un-vaste-choix-de-viande-de-chasse-prive\\\/#primaryimage\"},\"thumbnailUrl\":\"https:\\\/\\\/www.aligro.ch\\\/pages\\\/wp-content\\\/uploads\\\/2021\\\/10\\\/COVER-Wildsaison-Chasse-1080px-FR.jpg\",\"articleSection\":[\"Autre\"],\"inLanguage\":\"fr-FR\"},{\"@type\":\"WebPage\",\"@id\":\"https:\\\/\\\/www.aligro.ch\\\/pages\\\/fr\\\/news\\\/aligro-un-vaste-choix-de-viande-de-chasse-prive\\\/\",\"url\":\"https:\\\/\\\/www.aligro.ch\\\/pages\\\/fr\\\/news\\\/aligro-un-vaste-choix-de-viande-de-chasse-prive\\\/\",\"name\":\"Aligro : un vaste choix de viande de chasse\",\"isPartOf\":{\"@id\":\"https:\\\/\\\/www.aligro.ch\\\/pages\\\/#website\"},\"primaryImageOfPage\":{\"@id\":\"https:\\\/\\\/www.aligro.ch\\\/pages\\\/fr\\\/news\\\/aligro-un-vaste-choix-de-viande-de-chasse-prive\\\/#primaryimage\"},\"image\":{\"@id\":\"https:\\\/\\\/www.aligro.ch\\\/pages\\\/fr\\\/news\\\/aligro-un-vaste-choix-de-viande-de-chasse-prive\\\/#primaryimage\"},\"thumbnailUrl\":\"https:\\\/\\\/www.aligro.ch\\\/pages\\\/wp-content\\\/uploads\\\/2021\\\/10\\\/COVER-Wildsaison-Chasse-1080px-FR.jpg\",\"datePublished\":\"2021-10-21T14:00:30+00:00\",\"dateModified\":\"2021-11-17T09:05:21+00:00\",\"description\":\"La saison de la chasse a d\u00e9j\u00e0 commenc\u00e9 depuis quelques semaines. ALIGRO se distingue par une tr\u00e8s large gamme de chasse fra\u00eeche et surgel\u00e9e. Philipp Mettler, le responsable du secteur boucherie du march\u00e9 ALIGRO de Gossau, vous en dit plus sur ce domaine !\",\"breadcrumb\":{\"@id\":\"https:\\\/\\\/www.aligro.ch\\\/pages\\\/fr\\\/news\\\/aligro-un-vaste-choix-de-viande-de-chasse-prive\\\/#breadcrumb\"},\"inLanguage\":\"fr-FR\",\"potentialAction\":[{\"@type\":\"ReadAction\",\"target\":[\"https:\\\/\\\/www.aligro.ch\\\/pages\\\/fr\\\/news\\\/aligro-un-vaste-choix-de-viande-de-chasse-prive\\\/\"]}]},{\"@type\":\"ImageObject\",\"inLanguage\":\"fr-FR\",\"@id\":\"https:\\\/\\\/www.aligro.ch\\\/pages\\\/fr\\\/news\\\/aligro-un-vaste-choix-de-viande-de-chasse-prive\\\/#primaryimage\",\"url\":\"https:\\\/\\\/www.aligro.ch\\\/pages\\\/wp-content\\\/uploads\\\/2021\\\/10\\\/COVER-Wildsaison-Chasse-1080px-FR.jpg\",\"contentUrl\":\"https:\\\/\\\/www.aligro.ch\\\/pages\\\/wp-content\\\/uploads\\\/2021\\\/10\\\/COVER-Wildsaison-Chasse-1080px-FR.jpg\",\"width\":1080,\"height\":810},{\"@type\":\"BreadcrumbList\",\"@id\":\"https:\\\/\\\/www.aligro.ch\\\/pages\\\/fr\\\/news\\\/aligro-un-vaste-choix-de-viande-de-chasse-prive\\\/#breadcrumb\",\"itemListElement\":[{\"@type\":\"ListItem\",\"position\":1,\"name\":\"Accueil\",\"item\":\"https:\\\/\\\/www.aligro.ch\\\/pages\\\/de\\\/aligro-academy\\\/\"},{\"@type\":\"ListItem\",\"position\":2,\"name\":\"Aligro : un vaste choix de viande de chasse\"}]},{\"@type\":\"WebSite\",\"@id\":\"https:\\\/\\\/www.aligro.ch\\\/pages\\\/#website\",\"url\":\"https:\\\/\\\/www.aligro.ch\\\/pages\\\/\",\"name\":\"ALIGRO\",\"description\":\"Fra\u00eecheur. Qualit\u00e9. Inspiration.\",\"publisher\":{\"@id\":\"https:\\\/\\\/www.aligro.ch\\\/pages\\\/#organization\"},\"potentialAction\":[{\"@type\":\"SearchAction\",\"target\":{\"@type\":\"EntryPoint\",\"urlTemplate\":\"https:\\\/\\\/www.aligro.ch\\\/pages\\\/?s={search_term_string}\"},\"query-input\":{\"@type\":\"PropertyValueSpecification\",\"valueRequired\":true,\"valueName\":\"search_term_string\"}}],\"inLanguage\":\"fr-FR\"},{\"@type\":\"Organization\",\"@id\":\"https:\\\/\\\/www.aligro.ch\\\/pages\\\/#organization\",\"name\":\"ALIGRO\",\"url\":\"https:\\\/\\\/www.aligro.ch\\\/pages\\\/\",\"logo\":{\"@type\":\"ImageObject\",\"inLanguage\":\"fr-FR\",\"@id\":\"https:\\\/\\\/www.aligro.ch\\\/pages\\\/#\\\/schema\\\/logo\\\/image\\\/\",\"url\":\"https:\\\/\\\/www.aligro.ch\\\/pages\\\/wp-content\\\/uploads\\\/2018\\\/10\\\/Logo@4x.png\",\"contentUrl\":\"https:\\\/\\\/www.aligro.ch\\\/pages\\\/wp-content\\\/uploads\\\/2018\\\/10\\\/Logo@4x.png\",\"width\":1831,\"height\":228,\"caption\":\"ALIGRO\"},\"image\":{\"@id\":\"https:\\\/\\\/www.aligro.ch\\\/pages\\\/#\\\/schema\\\/logo\\\/image\\\/\"},\"sameAs\":[\"https:\\\/\\\/fb.com\\\/aligrosuisse\"]},{\"@type\":\"Person\",\"@id\":\"https:\\\/\\\/www.aligro.ch\\\/pages\\\/#\\\/schema\\\/person\\\/777e796cd5f5445dc18658f0b9f9f016\",\"name\":\"Bryan.Dubuis\",\"image\":{\"@type\":\"ImageObject\",\"inLanguage\":\"fr-FR\",\"@id\":\"https:\\\/\\\/secure.gravatar.com\\\/avatar\\\/f25783eb6169c6f454c439b71266b12b0da0dcb30459ac01a1686f93320329e5?s=96&d=mm&r=g\",\"url\":\"https:\\\/\\\/secure.gravatar.com\\\/avatar\\\/f25783eb6169c6f454c439b71266b12b0da0dcb30459ac01a1686f93320329e5?s=96&d=mm&r=g\",\"contentUrl\":\"https:\\\/\\\/secure.gravatar.com\\\/avatar\\\/f25783eb6169c6f454c439b71266b12b0da0dcb30459ac01a1686f93320329e5?s=96&d=mm&r=g\",\"caption\":\"Bryan.Dubuis\"}}]}<\/script>\n<!-- \/ Yoast SEO plugin. -->","yoast_head_json":{"title":"Aligro : un vaste choix de viande de chasse","description":"La saison de la chasse a d\u00e9j\u00e0 commenc\u00e9 depuis quelques semaines. ALIGRO se distingue par une tr\u00e8s large gamme de chasse fra\u00eeche et surgel\u00e9e. Philipp Mettler, le responsable du secteur boucherie du march\u00e9 ALIGRO de Gossau, vous en dit plus sur ce domaine !","robots":{"index":"index","follow":"follow","max-snippet":"max-snippet:-1","max-image-preview":"max-image-preview:large","max-video-preview":"max-video-preview:-1"},"canonical":"https:\/\/www.aligro.ch\/pages\/fr\/news\/aligro-un-vaste-choix-de-viande-de-chasse-prive\/","og_locale":"fr_FR","og_type":"article","og_title":"Aligro : un vaste choix de viande de chasse","og_description":"La saison de la chasse a d\u00e9j\u00e0 commenc\u00e9 depuis quelques semaines. ALIGRO se distingue par une tr\u00e8s large gamme de chasse fra\u00eeche et surgel\u00e9e. Philipp Mettler, le responsable du secteur boucherie du march\u00e9 ALIGRO de Gossau, vous en dit plus sur ce domaine !","og_url":"https:\/\/www.aligro.ch\/pages\/fr\/news\/aligro-un-vaste-choix-de-viande-de-chasse-prive\/","og_site_name":"ALIGRO","article_publisher":"https:\/\/fb.com\/aligrosuisse","article_published_time":"2021-10-21T14:00:30+00:00","article_modified_time":"2021-11-17T09:05:21+00:00","og_image":[{"width":1080,"height":810,"url":"https:\/\/www.aligro.ch\/pages\/wp-content\/uploads\/2021\/10\/COVER-Wildsaison-Chasse-1080px-FR.jpg","type":"image\/jpeg"}],"author":"Bryan.Dubuis","twitter_card":"summary_large_image","twitter_misc":{"\u00c9crit par":"Bryan.Dubuis","Dur\u00e9e de lecture estim\u00e9e":"3 minutes"},"schema":{"@context":"https:\/\/schema.org","@graph":[{"@type":"Article","@id":"https:\/\/www.aligro.ch\/pages\/fr\/news\/aligro-un-vaste-choix-de-viande-de-chasse-prive\/#article","isPartOf":{"@id":"https:\/\/www.aligro.ch\/pages\/fr\/news\/aligro-un-vaste-choix-de-viande-de-chasse-prive\/"},"author":{"name":"Bryan.Dubuis","@id":"https:\/\/www.aligro.ch\/pages\/#\/schema\/person\/777e796cd5f5445dc18658f0b9f9f016"},"headline":"Aligro : un vaste choix de viande de chasse","datePublished":"2021-10-21T14:00:30+00:00","dateModified":"2021-11-17T09:05:21+00:00","mainEntityOfPage":{"@id":"https:\/\/www.aligro.ch\/pages\/fr\/news\/aligro-un-vaste-choix-de-viande-de-chasse-prive\/"},"wordCount":625,"publisher":{"@id":"https:\/\/www.aligro.ch\/pages\/#organization"},"image":{"@id":"https:\/\/www.aligro.ch\/pages\/fr\/news\/aligro-un-vaste-choix-de-viande-de-chasse-prive\/#primaryimage"},"thumbnailUrl":"https:\/\/www.aligro.ch\/pages\/wp-content\/uploads\/2021\/10\/COVER-Wildsaison-Chasse-1080px-FR.jpg","articleSection":["Autre"],"inLanguage":"fr-FR"},{"@type":"WebPage","@id":"https:\/\/www.aligro.ch\/pages\/fr\/news\/aligro-un-vaste-choix-de-viande-de-chasse-prive\/","url":"https:\/\/www.aligro.ch\/pages\/fr\/news\/aligro-un-vaste-choix-de-viande-de-chasse-prive\/","name":"Aligro : un vaste choix de viande de chasse","isPartOf":{"@id":"https:\/\/www.aligro.ch\/pages\/#website"},"primaryImageOfPage":{"@id":"https:\/\/www.aligro.ch\/pages\/fr\/news\/aligro-un-vaste-choix-de-viande-de-chasse-prive\/#primaryimage"},"image":{"@id":"https:\/\/www.aligro.ch\/pages\/fr\/news\/aligro-un-vaste-choix-de-viande-de-chasse-prive\/#primaryimage"},"thumbnailUrl":"https:\/\/www.aligro.ch\/pages\/wp-content\/uploads\/2021\/10\/COVER-Wildsaison-Chasse-1080px-FR.jpg","datePublished":"2021-10-21T14:00:30+00:00","dateModified":"2021-11-17T09:05:21+00:00","description":"La saison de la chasse a d\u00e9j\u00e0 commenc\u00e9 depuis quelques semaines. ALIGRO se distingue par une tr\u00e8s large gamme de chasse fra\u00eeche et surgel\u00e9e. Philipp Mettler, le responsable du secteur boucherie du march\u00e9 ALIGRO de Gossau, vous en dit plus sur ce domaine !","breadcrumb":{"@id":"https:\/\/www.aligro.ch\/pages\/fr\/news\/aligro-un-vaste-choix-de-viande-de-chasse-prive\/#breadcrumb"},"inLanguage":"fr-FR","potentialAction":[{"@type":"ReadAction","target":["https:\/\/www.aligro.ch\/pages\/fr\/news\/aligro-un-vaste-choix-de-viande-de-chasse-prive\/"]}]},{"@type":"ImageObject","inLanguage":"fr-FR","@id":"https:\/\/www.aligro.ch\/pages\/fr\/news\/aligro-un-vaste-choix-de-viande-de-chasse-prive\/#primaryimage","url":"https:\/\/www.aligro.ch\/pages\/wp-content\/uploads\/2021\/10\/COVER-Wildsaison-Chasse-1080px-FR.jpg","contentUrl":"https:\/\/www.aligro.ch\/pages\/wp-content\/uploads\/2021\/10\/COVER-Wildsaison-Chasse-1080px-FR.jpg","width":1080,"height":810},{"@type":"BreadcrumbList","@id":"https:\/\/www.aligro.ch\/pages\/fr\/news\/aligro-un-vaste-choix-de-viande-de-chasse-prive\/#breadcrumb","itemListElement":[{"@type":"ListItem","position":1,"name":"Accueil","item":"https:\/\/www.aligro.ch\/pages\/de\/aligro-academy\/"},{"@type":"ListItem","position":2,"name":"Aligro : un vaste choix de viande de chasse"}]},{"@type":"WebSite","@id":"https:\/\/www.aligro.ch\/pages\/#website","url":"https:\/\/www.aligro.ch\/pages\/","name":"ALIGRO","description":"Fra\u00eecheur. Qualit\u00e9. Inspiration.","publisher":{"@id":"https:\/\/www.aligro.ch\/pages\/#organization"},"potentialAction":[{"@type":"SearchAction","target":{"@type":"EntryPoint","urlTemplate":"https:\/\/www.aligro.ch\/pages\/?s={search_term_string}"},"query-input":{"@type":"PropertyValueSpecification","valueRequired":true,"valueName":"search_term_string"}}],"inLanguage":"fr-FR"},{"@type":"Organization","@id":"https:\/\/www.aligro.ch\/pages\/#organization","name":"ALIGRO","url":"https:\/\/www.aligro.ch\/pages\/","logo":{"@type":"ImageObject","inLanguage":"fr-FR","@id":"https:\/\/www.aligro.ch\/pages\/#\/schema\/logo\/image\/","url":"https:\/\/www.aligro.ch\/pages\/wp-content\/uploads\/2018\/10\/Logo@4x.png","contentUrl":"https:\/\/www.aligro.ch\/pages\/wp-content\/uploads\/2018\/10\/Logo@4x.png","width":1831,"height":228,"caption":"ALIGRO"},"image":{"@id":"https:\/\/www.aligro.ch\/pages\/#\/schema\/logo\/image\/"},"sameAs":["https:\/\/fb.com\/aligrosuisse"]},{"@type":"Person","@id":"https:\/\/www.aligro.ch\/pages\/#\/schema\/person\/777e796cd5f5445dc18658f0b9f9f016","name":"Bryan.Dubuis","image":{"@type":"ImageObject","inLanguage":"fr-FR","@id":"https:\/\/secure.gravatar.com\/avatar\/f25783eb6169c6f454c439b71266b12b0da0dcb30459ac01a1686f93320329e5?s=96&d=mm&r=g","url":"https:\/\/secure.gravatar.com\/avatar\/f25783eb6169c6f454c439b71266b12b0da0dcb30459ac01a1686f93320329e5?s=96&d=mm&r=g","contentUrl":"https:\/\/secure.gravatar.com\/avatar\/f25783eb6169c6f454c439b71266b12b0da0dcb30459ac01a1686f93320329e5?s=96&d=mm&r=g","caption":"Bryan.Dubuis"}}]}},"_links":{"self":[{"href":"https:\/\/www.aligro.ch\/pages\/wp-json\/wp\/v2\/posts\/35276","targetHints":{"allow":["GET"]}}],"collection":[{"href":"https:\/\/www.aligro.ch\/pages\/wp-json\/wp\/v2\/posts"}],"about":[{"href":"https:\/\/www.aligro.ch\/pages\/wp-json\/wp\/v2\/types\/post"}],"author":[{"embeddable":true,"href":"https:\/\/www.aligro.ch\/pages\/wp-json\/wp\/v2\/users\/7"}],"replies":[{"embeddable":true,"href":"https:\/\/www.aligro.ch\/pages\/wp-json\/wp\/v2\/comments?post=35276"}],"version-history":[{"count":5,"href":"https:\/\/www.aligro.ch\/pages\/wp-json\/wp\/v2\/posts\/35276\/revisions"}],"predecessor-version":[{"id":35853,"href":"https:\/\/www.aligro.ch\/pages\/wp-json\/wp\/v2\/posts\/35276\/revisions\/35853"}],"wp:featuredmedia":[{"embeddable":true,"href":"https:\/\/www.aligro.ch\/pages\/wp-json\/wp\/v2\/media\/35332"}],"wp:attachment":[{"href":"https:\/\/www.aligro.ch\/pages\/wp-json\/wp\/v2\/media?parent=35276"}],"wp:term":[{"taxonomy":"category","embeddable":true,"href":"https:\/\/www.aligro.ch\/pages\/wp-json\/wp\/v2\/categories?post=35276"},{"taxonomy":"post_tag","embeddable":true,"href":"https:\/\/www.aligro.ch\/pages\/wp-json\/wp\/v2\/tags?post=35276"}],"curies":[{"name":"wp","href":"https:\/\/api.w.org\/{rel}","templated":true}]}}