{"id":35143,"date":"2021-10-19T09:30:33","date_gmt":"2021-10-19T07:30:33","guid":{"rendered":"https:\/\/www.aligro.ch\/pages\/?p=35143"},"modified":"2021-10-19T16:55:01","modified_gmt":"2021-10-19T14:55:01","slug":"aligro-lutte-contre-le-gaspillage-alimentaire","status":"publish","type":"post","link":"https:\/\/www.aligro.ch\/pages\/fr\/news\/aligro-lutte-contre-le-gaspillage-alimentaire\/","title":{"rendered":"ALIGRO lutte contre le gaspillage alimentaire"},"content":{"rendered":"<div class=\"wpb-content-wrapper\"><p>[vc_row][vc_column][vc_column_text]Chez ALIGRO, le th\u00e8me du gaspillage alimentaire nous tient \u00e0 coeur, c\u2019est pourquoi divers projets ont \u00e9t\u00e9 d\u00e9velopp\u00e9s afin de r\u00e9duire les quantit\u00e9s finissant \u00e0 la poubelle.<\/p>\n<p>Les normes concernant le don de marchandise sont tr\u00e8s strictes. Il convient de respecter les deux types de dates de p\u00e9remption sur les produits alimentaires : DLC (Date Limite de Consommation) et DLUO (Date Limite d\u2019Utilisation Optimale). Les denr\u00e9es alimentaires facilement p\u00e9rissables comme la viande et le poisson ont une DLC, il faut donc imp\u00e9rativement les donner le dernier jour de vente.<\/p>\n<p>Depuis longtemps, ALIGRO fait don des invendus \u00e0 diverses associations dans les r\u00e9gions o\u00f9 sont implant\u00e9s les march\u00e9s. Par exemple, \u00e0 Sion la marchandise est donn\u00e9e \u00e0 Emmau\u0308s, \u00e0 Pratteln elle est offerte aux Cartons du Coeur. En principe, les associations viennent r\u00e9cup\u00e9rer les articles le dernier jour de vente, \u00e0 la fermeture. Les dons aux associations repr\u00e9sentent 60% des d\u00e9chets totaux sur l\u2019ensemble des march\u00e9s.<\/p>\n<p>D\u2019autre part, lorsqu\u2019on ne peut plus vendre la marchandise, celle-ci peut \u00eatre propos\u00e9e aux collaborateurs, par exemple les chocolats de No\u00ebl ou de P\u00e2ques. Par ailleurs chaque jour, les invendus du jour pr\u00e9c\u00e9dent de la boulangerie sont mis \u00e0 disposition des collaborateurs et de la client\u00e8le. Certains march\u00e9s les fournissent aussi \u00e0 des agriculteurs de la r\u00e9gion.<\/p>\n<p>Les clients peuvent aussi sauver des aliments dans les 14 march\u00e9s ALIGRO gr\u00e2ce \u00e0 l\u2019application de <a href=\"https:\/\/toogoodtogo.ch\/fr-ch\" target=\"_blank\" rel=\"noopener\">Too Good To Go<\/a>, qui permet de r\u00e9server des aliments frais non consomm\u00e9s ou proches de la date de p\u00e9remption et de les chercher \u00e0 la fin de la journ\u00e9e sous forme de panier surprise. En g\u00e9n\u00e9ral, les march\u00e9s proposent au moins 2 paniers par jour et le succ\u00e8s est au rendez-vous puisque sur les 12 derniers mois plus de 5800 paniers ont \u00e9t\u00e9 \u00ab\u00a0sauv\u00e9s\u00a0\u00bb par ce biais.[\/vc_column_text][vc_single_image image=\u00a0\u00bb35144&Prime; img_size=\u00a0\u00bbFULL\u00a0\u00bb][\/vc_column][\/vc_row]<\/p>\n<\/div>","protected":false},"excerpt":{"rendered":"<p>[vc_row][vc_column][vc_column_text]Chez ALIGRO, le th\u00e8me du gaspillage alimentaire nous tient \u00e0 coeur, c\u2019est pourquoi divers projets ont \u00e9t\u00e9 d\u00e9velopp\u00e9s<a class=\"moretag\" href=\"https:\/\/www.aligro.ch\/pages\/fr\/news\/aligro-lutte-contre-le-gaspillage-alimentaire\/\"> &#8230;<\/a><\/p>\n","protected":false},"author":7,"featured_media":35145,"comment_status":"closed","ping_status":"closed","sticky":false,"template":"","format":"standard","meta":{"_acf_changed":false,"footnotes":""},"categories":[266],"tags":[],"class_list":["post-35143","post","type-post","status-publish","format-standard","has-post-thumbnail","hentry","category-news"],"acf":[],"yoast_head":"<!-- This site is optimized with the Yoast SEO plugin v27.4 - https:\/\/yoast.com\/product\/yoast-seo-wordpress\/ -->\n<title>ALIGRO lutte contre le gaspillage alimentaire<\/title>\n<meta name=\"description\" content=\"Chez ALIGRO, le th\u00e8me du gaspillage alimentaire nous tient \u00e0 coeur, c\u2019est pourquoi divers projets ont \u00e9t\u00e9 d\u00e9velopp\u00e9s afin de r\u00e9duire les quantit\u00e9s finissant \u00e0 la poubelle.\" \/>\n<meta name=\"robots\" content=\"index, follow, max-snippet:-1, max-image-preview:large, max-video-preview:-1\" \/>\n<link rel=\"canonical\" href=\"https:\/\/www.aligro.ch\/pages\/fr\/news\/aligro-lutte-contre-le-gaspillage-alimentaire\/\" \/>\n<meta property=\"og:locale\" content=\"fr_FR\" \/>\n<meta property=\"og:type\" content=\"article\" \/>\n<meta property=\"og:title\" content=\"ALIGRO lutte contre le gaspillage alimentaire\" \/>\n<meta property=\"og:description\" content=\"Chez ALIGRO, le th\u00e8me du gaspillage alimentaire nous tient \u00e0 coeur, c\u2019est pourquoi divers projets ont \u00e9t\u00e9 d\u00e9velopp\u00e9s afin de r\u00e9duire les quantit\u00e9s finissant \u00e0 la poubelle.\" \/>\n<meta property=\"og:url\" content=\"https:\/\/www.aligro.ch\/pages\/fr\/news\/aligro-lutte-contre-le-gaspillage-alimentaire\/\" \/>\n<meta property=\"og:site_name\" content=\"ALIGRO\" \/>\n<meta property=\"article:publisher\" content=\"https:\/\/fb.com\/aligrosuisse\" \/>\n<meta property=\"article:published_time\" content=\"2021-10-19T07:30:33+00:00\" \/>\n<meta property=\"article:modified_time\" content=\"2021-10-19T14:55:01+00:00\" \/>\n<meta property=\"og:image\" content=\"https:\/\/www.aligro.ch\/pages\/wp-content\/uploads\/2021\/10\/iStock-952625352-scaled.jpg\" \/>\n\t<meta property=\"og:image:width\" content=\"2560\" \/>\n\t<meta property=\"og:image:height\" content=\"1709\" \/>\n\t<meta property=\"og:image:type\" content=\"image\/jpeg\" \/>\n<meta name=\"author\" content=\"Bryan.Dubuis\" \/>\n<meta name=\"twitter:card\" content=\"summary_large_image\" \/>\n<meta name=\"twitter:label1\" content=\"\u00c9crit par\" \/>\n\t<meta name=\"twitter:data1\" content=\"Bryan.Dubuis\" \/>\n\t<meta name=\"twitter:label2\" content=\"Dur\u00e9e de lecture estim\u00e9e\" \/>\n\t<meta name=\"twitter:data2\" content=\"2 minutes\" \/>\n<script type=\"application\/ld+json\" class=\"yoast-schema-graph\">{\"@context\":\"https:\\\/\\\/schema.org\",\"@graph\":[{\"@type\":\"Article\",\"@id\":\"https:\\\/\\\/www.aligro.ch\\\/pages\\\/fr\\\/news\\\/aligro-lutte-contre-le-gaspillage-alimentaire\\\/#article\",\"isPartOf\":{\"@id\":\"https:\\\/\\\/www.aligro.ch\\\/pages\\\/fr\\\/news\\\/aligro-lutte-contre-le-gaspillage-alimentaire\\\/\"},\"author\":{\"name\":\"Bryan.Dubuis\",\"@id\":\"https:\\\/\\\/www.aligro.ch\\\/pages\\\/#\\\/schema\\\/person\\\/777e796cd5f5445dc18658f0b9f9f016\"},\"headline\":\"ALIGRO lutte contre le gaspillage alimentaire\",\"datePublished\":\"2021-10-19T07:30:33+00:00\",\"dateModified\":\"2021-10-19T14:55:01+00:00\",\"mainEntityOfPage\":{\"@id\":\"https:\\\/\\\/www.aligro.ch\\\/pages\\\/fr\\\/news\\\/aligro-lutte-contre-le-gaspillage-alimentaire\\\/\"},\"wordCount\":351,\"publisher\":{\"@id\":\"https:\\\/\\\/www.aligro.ch\\\/pages\\\/#organization\"},\"image\":{\"@id\":\"https:\\\/\\\/www.aligro.ch\\\/pages\\\/fr\\\/news\\\/aligro-lutte-contre-le-gaspillage-alimentaire\\\/#primaryimage\"},\"thumbnailUrl\":\"https:\\\/\\\/www.aligro.ch\\\/pages\\\/wp-content\\\/uploads\\\/2021\\\/10\\\/iStock-952625352-scaled.jpg\",\"articleSection\":[\"News\"],\"inLanguage\":\"fr-FR\"},{\"@type\":\"WebPage\",\"@id\":\"https:\\\/\\\/www.aligro.ch\\\/pages\\\/fr\\\/news\\\/aligro-lutte-contre-le-gaspillage-alimentaire\\\/\",\"url\":\"https:\\\/\\\/www.aligro.ch\\\/pages\\\/fr\\\/news\\\/aligro-lutte-contre-le-gaspillage-alimentaire\\\/\",\"name\":\"ALIGRO lutte contre le gaspillage alimentaire\",\"isPartOf\":{\"@id\":\"https:\\\/\\\/www.aligro.ch\\\/pages\\\/#website\"},\"primaryImageOfPage\":{\"@id\":\"https:\\\/\\\/www.aligro.ch\\\/pages\\\/fr\\\/news\\\/aligro-lutte-contre-le-gaspillage-alimentaire\\\/#primaryimage\"},\"image\":{\"@id\":\"https:\\\/\\\/www.aligro.ch\\\/pages\\\/fr\\\/news\\\/aligro-lutte-contre-le-gaspillage-alimentaire\\\/#primaryimage\"},\"thumbnailUrl\":\"https:\\\/\\\/www.aligro.ch\\\/pages\\\/wp-content\\\/uploads\\\/2021\\\/10\\\/iStock-952625352-scaled.jpg\",\"datePublished\":\"2021-10-19T07:30:33+00:00\",\"dateModified\":\"2021-10-19T14:55:01+00:00\",\"description\":\"Chez ALIGRO, le th\u00e8me du gaspillage alimentaire nous tient \u00e0 coeur, c\u2019est pourquoi divers projets ont \u00e9t\u00e9 d\u00e9velopp\u00e9s afin de r\u00e9duire les quantit\u00e9s finissant \u00e0 la poubelle.\",\"breadcrumb\":{\"@id\":\"https:\\\/\\\/www.aligro.ch\\\/pages\\\/fr\\\/news\\\/aligro-lutte-contre-le-gaspillage-alimentaire\\\/#breadcrumb\"},\"inLanguage\":\"fr-FR\",\"potentialAction\":[{\"@type\":\"ReadAction\",\"target\":[\"https:\\\/\\\/www.aligro.ch\\\/pages\\\/fr\\\/news\\\/aligro-lutte-contre-le-gaspillage-alimentaire\\\/\"]}]},{\"@type\":\"ImageObject\",\"inLanguage\":\"fr-FR\",\"@id\":\"https:\\\/\\\/www.aligro.ch\\\/pages\\\/fr\\\/news\\\/aligro-lutte-contre-le-gaspillage-alimentaire\\\/#primaryimage\",\"url\":\"https:\\\/\\\/www.aligro.ch\\\/pages\\\/wp-content\\\/uploads\\\/2021\\\/10\\\/iStock-952625352-scaled.jpg\",\"contentUrl\":\"https:\\\/\\\/www.aligro.ch\\\/pages\\\/wp-content\\\/uploads\\\/2021\\\/10\\\/iStock-952625352-scaled.jpg\",\"width\":1920,\"height\":1282,\"caption\":\"Delivery man in black uniform delivering food to customer at home - online grocery shopping service concept\"},{\"@type\":\"BreadcrumbList\",\"@id\":\"https:\\\/\\\/www.aligro.ch\\\/pages\\\/fr\\\/news\\\/aligro-lutte-contre-le-gaspillage-alimentaire\\\/#breadcrumb\",\"itemListElement\":[{\"@type\":\"ListItem\",\"position\":1,\"name\":\"Accueil\",\"item\":\"https:\\\/\\\/www.aligro.ch\\\/pages\\\/de\\\/aligro-academy\\\/\"},{\"@type\":\"ListItem\",\"position\":2,\"name\":\"ALIGRO lutte contre le gaspillage alimentaire\"}]},{\"@type\":\"WebSite\",\"@id\":\"https:\\\/\\\/www.aligro.ch\\\/pages\\\/#website\",\"url\":\"https:\\\/\\\/www.aligro.ch\\\/pages\\\/\",\"name\":\"ALIGRO\",\"description\":\"Fra\u00eecheur. Qualit\u00e9. Inspiration.\",\"publisher\":{\"@id\":\"https:\\\/\\\/www.aligro.ch\\\/pages\\\/#organization\"},\"potentialAction\":[{\"@type\":\"SearchAction\",\"target\":{\"@type\":\"EntryPoint\",\"urlTemplate\":\"https:\\\/\\\/www.aligro.ch\\\/pages\\\/?s={search_term_string}\"},\"query-input\":{\"@type\":\"PropertyValueSpecification\",\"valueRequired\":true,\"valueName\":\"search_term_string\"}}],\"inLanguage\":\"fr-FR\"},{\"@type\":\"Organization\",\"@id\":\"https:\\\/\\\/www.aligro.ch\\\/pages\\\/#organization\",\"name\":\"ALIGRO\",\"url\":\"https:\\\/\\\/www.aligro.ch\\\/pages\\\/\",\"logo\":{\"@type\":\"ImageObject\",\"inLanguage\":\"fr-FR\",\"@id\":\"https:\\\/\\\/www.aligro.ch\\\/pages\\\/#\\\/schema\\\/logo\\\/image\\\/\",\"url\":\"https:\\\/\\\/www.aligro.ch\\\/pages\\\/wp-content\\\/uploads\\\/2018\\\/10\\\/Logo@4x.png\",\"contentUrl\":\"https:\\\/\\\/www.aligro.ch\\\/pages\\\/wp-content\\\/uploads\\\/2018\\\/10\\\/Logo@4x.png\",\"width\":1831,\"height\":228,\"caption\":\"ALIGRO\"},\"image\":{\"@id\":\"https:\\\/\\\/www.aligro.ch\\\/pages\\\/#\\\/schema\\\/logo\\\/image\\\/\"},\"sameAs\":[\"https:\\\/\\\/fb.com\\\/aligrosuisse\"]},{\"@type\":\"Person\",\"@id\":\"https:\\\/\\\/www.aligro.ch\\\/pages\\\/#\\\/schema\\\/person\\\/777e796cd5f5445dc18658f0b9f9f016\",\"name\":\"Bryan.Dubuis\",\"image\":{\"@type\":\"ImageObject\",\"inLanguage\":\"fr-FR\",\"@id\":\"https:\\\/\\\/secure.gravatar.com\\\/avatar\\\/f25783eb6169c6f454c439b71266b12b0da0dcb30459ac01a1686f93320329e5?s=96&d=mm&r=g\",\"url\":\"https:\\\/\\\/secure.gravatar.com\\\/avatar\\\/f25783eb6169c6f454c439b71266b12b0da0dcb30459ac01a1686f93320329e5?s=96&d=mm&r=g\",\"contentUrl\":\"https:\\\/\\\/secure.gravatar.com\\\/avatar\\\/f25783eb6169c6f454c439b71266b12b0da0dcb30459ac01a1686f93320329e5?s=96&d=mm&r=g\",\"caption\":\"Bryan.Dubuis\"}}]}<\/script>\n<!-- \/ Yoast SEO plugin. -->","yoast_head_json":{"title":"ALIGRO lutte contre le gaspillage alimentaire","description":"Chez ALIGRO, le th\u00e8me du gaspillage alimentaire nous tient \u00e0 coeur, c\u2019est pourquoi divers projets ont \u00e9t\u00e9 d\u00e9velopp\u00e9s afin de r\u00e9duire les quantit\u00e9s finissant \u00e0 la poubelle.","robots":{"index":"index","follow":"follow","max-snippet":"max-snippet:-1","max-image-preview":"max-image-preview:large","max-video-preview":"max-video-preview:-1"},"canonical":"https:\/\/www.aligro.ch\/pages\/fr\/news\/aligro-lutte-contre-le-gaspillage-alimentaire\/","og_locale":"fr_FR","og_type":"article","og_title":"ALIGRO lutte contre le gaspillage alimentaire","og_description":"Chez ALIGRO, le th\u00e8me du gaspillage alimentaire nous tient \u00e0 coeur, c\u2019est pourquoi divers projets ont \u00e9t\u00e9 d\u00e9velopp\u00e9s afin de r\u00e9duire les quantit\u00e9s finissant \u00e0 la poubelle.","og_url":"https:\/\/www.aligro.ch\/pages\/fr\/news\/aligro-lutte-contre-le-gaspillage-alimentaire\/","og_site_name":"ALIGRO","article_publisher":"https:\/\/fb.com\/aligrosuisse","article_published_time":"2021-10-19T07:30:33+00:00","article_modified_time":"2021-10-19T14:55:01+00:00","og_image":[{"width":2560,"height":1709,"url":"https:\/\/www.aligro.ch\/pages\/wp-content\/uploads\/2021\/10\/iStock-952625352-scaled.jpg","type":"image\/jpeg"}],"author":"Bryan.Dubuis","twitter_card":"summary_large_image","twitter_misc":{"\u00c9crit par":"Bryan.Dubuis","Dur\u00e9e de lecture estim\u00e9e":"2 minutes"},"schema":{"@context":"https:\/\/schema.org","@graph":[{"@type":"Article","@id":"https:\/\/www.aligro.ch\/pages\/fr\/news\/aligro-lutte-contre-le-gaspillage-alimentaire\/#article","isPartOf":{"@id":"https:\/\/www.aligro.ch\/pages\/fr\/news\/aligro-lutte-contre-le-gaspillage-alimentaire\/"},"author":{"name":"Bryan.Dubuis","@id":"https:\/\/www.aligro.ch\/pages\/#\/schema\/person\/777e796cd5f5445dc18658f0b9f9f016"},"headline":"ALIGRO lutte contre le gaspillage alimentaire","datePublished":"2021-10-19T07:30:33+00:00","dateModified":"2021-10-19T14:55:01+00:00","mainEntityOfPage":{"@id":"https:\/\/www.aligro.ch\/pages\/fr\/news\/aligro-lutte-contre-le-gaspillage-alimentaire\/"},"wordCount":351,"publisher":{"@id":"https:\/\/www.aligro.ch\/pages\/#organization"},"image":{"@id":"https:\/\/www.aligro.ch\/pages\/fr\/news\/aligro-lutte-contre-le-gaspillage-alimentaire\/#primaryimage"},"thumbnailUrl":"https:\/\/www.aligro.ch\/pages\/wp-content\/uploads\/2021\/10\/iStock-952625352-scaled.jpg","articleSection":["News"],"inLanguage":"fr-FR"},{"@type":"WebPage","@id":"https:\/\/www.aligro.ch\/pages\/fr\/news\/aligro-lutte-contre-le-gaspillage-alimentaire\/","url":"https:\/\/www.aligro.ch\/pages\/fr\/news\/aligro-lutte-contre-le-gaspillage-alimentaire\/","name":"ALIGRO lutte contre le gaspillage alimentaire","isPartOf":{"@id":"https:\/\/www.aligro.ch\/pages\/#website"},"primaryImageOfPage":{"@id":"https:\/\/www.aligro.ch\/pages\/fr\/news\/aligro-lutte-contre-le-gaspillage-alimentaire\/#primaryimage"},"image":{"@id":"https:\/\/www.aligro.ch\/pages\/fr\/news\/aligro-lutte-contre-le-gaspillage-alimentaire\/#primaryimage"},"thumbnailUrl":"https:\/\/www.aligro.ch\/pages\/wp-content\/uploads\/2021\/10\/iStock-952625352-scaled.jpg","datePublished":"2021-10-19T07:30:33+00:00","dateModified":"2021-10-19T14:55:01+00:00","description":"Chez ALIGRO, le th\u00e8me du gaspillage alimentaire nous tient \u00e0 coeur, c\u2019est pourquoi divers projets ont \u00e9t\u00e9 d\u00e9velopp\u00e9s afin de r\u00e9duire les quantit\u00e9s finissant \u00e0 la poubelle.","breadcrumb":{"@id":"https:\/\/www.aligro.ch\/pages\/fr\/news\/aligro-lutte-contre-le-gaspillage-alimentaire\/#breadcrumb"},"inLanguage":"fr-FR","potentialAction":[{"@type":"ReadAction","target":["https:\/\/www.aligro.ch\/pages\/fr\/news\/aligro-lutte-contre-le-gaspillage-alimentaire\/"]}]},{"@type":"ImageObject","inLanguage":"fr-FR","@id":"https:\/\/www.aligro.ch\/pages\/fr\/news\/aligro-lutte-contre-le-gaspillage-alimentaire\/#primaryimage","url":"https:\/\/www.aligro.ch\/pages\/wp-content\/uploads\/2021\/10\/iStock-952625352-scaled.jpg","contentUrl":"https:\/\/www.aligro.ch\/pages\/wp-content\/uploads\/2021\/10\/iStock-952625352-scaled.jpg","width":1920,"height":1282,"caption":"Delivery man in black uniform delivering food to customer at home - online grocery shopping service concept"},{"@type":"BreadcrumbList","@id":"https:\/\/www.aligro.ch\/pages\/fr\/news\/aligro-lutte-contre-le-gaspillage-alimentaire\/#breadcrumb","itemListElement":[{"@type":"ListItem","position":1,"name":"Accueil","item":"https:\/\/www.aligro.ch\/pages\/de\/aligro-academy\/"},{"@type":"ListItem","position":2,"name":"ALIGRO lutte contre le gaspillage alimentaire"}]},{"@type":"WebSite","@id":"https:\/\/www.aligro.ch\/pages\/#website","url":"https:\/\/www.aligro.ch\/pages\/","name":"ALIGRO","description":"Fra\u00eecheur. Qualit\u00e9. Inspiration.","publisher":{"@id":"https:\/\/www.aligro.ch\/pages\/#organization"},"potentialAction":[{"@type":"SearchAction","target":{"@type":"EntryPoint","urlTemplate":"https:\/\/www.aligro.ch\/pages\/?s={search_term_string}"},"query-input":{"@type":"PropertyValueSpecification","valueRequired":true,"valueName":"search_term_string"}}],"inLanguage":"fr-FR"},{"@type":"Organization","@id":"https:\/\/www.aligro.ch\/pages\/#organization","name":"ALIGRO","url":"https:\/\/www.aligro.ch\/pages\/","logo":{"@type":"ImageObject","inLanguage":"fr-FR","@id":"https:\/\/www.aligro.ch\/pages\/#\/schema\/logo\/image\/","url":"https:\/\/www.aligro.ch\/pages\/wp-content\/uploads\/2018\/10\/Logo@4x.png","contentUrl":"https:\/\/www.aligro.ch\/pages\/wp-content\/uploads\/2018\/10\/Logo@4x.png","width":1831,"height":228,"caption":"ALIGRO"},"image":{"@id":"https:\/\/www.aligro.ch\/pages\/#\/schema\/logo\/image\/"},"sameAs":["https:\/\/fb.com\/aligrosuisse"]},{"@type":"Person","@id":"https:\/\/www.aligro.ch\/pages\/#\/schema\/person\/777e796cd5f5445dc18658f0b9f9f016","name":"Bryan.Dubuis","image":{"@type":"ImageObject","inLanguage":"fr-FR","@id":"https:\/\/secure.gravatar.com\/avatar\/f25783eb6169c6f454c439b71266b12b0da0dcb30459ac01a1686f93320329e5?s=96&d=mm&r=g","url":"https:\/\/secure.gravatar.com\/avatar\/f25783eb6169c6f454c439b71266b12b0da0dcb30459ac01a1686f93320329e5?s=96&d=mm&r=g","contentUrl":"https:\/\/secure.gravatar.com\/avatar\/f25783eb6169c6f454c439b71266b12b0da0dcb30459ac01a1686f93320329e5?s=96&d=mm&r=g","caption":"Bryan.Dubuis"}}]}},"_links":{"self":[{"href":"https:\/\/www.aligro.ch\/pages\/wp-json\/wp\/v2\/posts\/35143","targetHints":{"allow":["GET"]}}],"collection":[{"href":"https:\/\/www.aligro.ch\/pages\/wp-json\/wp\/v2\/posts"}],"about":[{"href":"https:\/\/www.aligro.ch\/pages\/wp-json\/wp\/v2\/types\/post"}],"author":[{"embeddable":true,"href":"https:\/\/www.aligro.ch\/pages\/wp-json\/wp\/v2\/users\/7"}],"replies":[{"embeddable":true,"href":"https:\/\/www.aligro.ch\/pages\/wp-json\/wp\/v2\/comments?post=35143"}],"version-history":[{"count":3,"href":"https:\/\/www.aligro.ch\/pages\/wp-json\/wp\/v2\/posts\/35143\/revisions"}],"predecessor-version":[{"id":35234,"href":"https:\/\/www.aligro.ch\/pages\/wp-json\/wp\/v2\/posts\/35143\/revisions\/35234"}],"wp:featuredmedia":[{"embeddable":true,"href":"https:\/\/www.aligro.ch\/pages\/wp-json\/wp\/v2\/media\/35145"}],"wp:attachment":[{"href":"https:\/\/www.aligro.ch\/pages\/wp-json\/wp\/v2\/media?parent=35143"}],"wp:term":[{"taxonomy":"category","embeddable":true,"href":"https:\/\/www.aligro.ch\/pages\/wp-json\/wp\/v2\/categories?post=35143"},{"taxonomy":"post_tag","embeddable":true,"href":"https:\/\/www.aligro.ch\/pages\/wp-json\/wp\/v2\/tags?post=35143"}],"curies":[{"name":"wp","href":"https:\/\/api.w.org\/{rel}","templated":true}]}}