{"id":35004,"date":"2021-10-05T10:30:59","date_gmt":"2021-10-05T08:30:59","guid":{"rendered":"https:\/\/www.aligro.ch\/pages\/?p=35004"},"modified":"2021-10-07T12:09:18","modified_gmt":"2021-10-07T10:09:18","slug":"aligro-bruettisellen-neu-mit-fischabteilung-und-hausbaeckerei","status":"publish","type":"post","link":"https:\/\/www.aligro.ch\/pages\/de\/news\/aligro-bruettisellen-neu-mit-fischabteilung-und-hausbaeckerei\/","title":{"rendered":"Aligro Br\u00fcttisellen neu mit Fischabteilung und Hausb\u00e4ckerei"},"content":{"rendered":"<div class=\"wpb-content-wrapper\"><p>[vc_row][vc_column][vc_column_text]<strong>Rund eineinhalb Jahre dauerte der Umbau des Aligro-Marktes Br\u00fcttisellen, der sich nun in v\u00f6llig neuem Kleid pr\u00e4sentiert. Nachdem in einer ersten Phase ein Totalumbau der Frischeabteilung mit Einbau des neuen bedienten Fischmarkts stattfand, wurden in der zweiten Phase der Food-Markt renoviert sowie eine sehr sch\u00f6ne Weinabteilung und eine Hausb\u00e4ckerei in den Markt integriert. Ebenfalls in der zweiten Phase wurden der Kassenbereich, die B\u00fcros und die Aufenthaltsr\u00e4ume neu gestaltet. <\/strong><\/p>\n<p>Willkommen im neuen Aligro-Markt in Br\u00fcttisellen: Eineinhalb Jahre Umbauzeit haben viele positive Spuren hinterlassen, der Markt zeigt sich nun sehr einladend, noch vielf\u00e4ltiger als vorher und auch moderner. Die Bauzeit stellte die Mitarbeitenden des Marktes vor neue Aufgaben, die sie aber gut meisterten. Und auch viele der Kunden haben diese Zeit sportlich aufgenommen.<\/p>\n<h3>Der bediente Fischmarkt<\/h3>\n<p>F\u00fcr alle Kundinnen und Kunden ein Riesengewinn ist sicher der neue bediente <a href=\"https:\/\/www.aligro.ch\/de\/aktionen\/16-seafood\">Fischmarkt<\/a>: Die Auswahl und die Frische, die diese Abteilung in ihrem Angebot pr\u00e4sentieren, sind einzigartig. T\u00e4gliche Lieferungen ab dem Dienstagmittag stellen das Angebot sicher. Alle angebotenen Produkte werden nach h\u00f6chsten Qualit\u00e4tskriterien ausgew\u00e4hlt. Und es ist die Beratung, die den Unterschied macht: Das Fachpersonal des Fischmarkts steht der Kundschaft zur Beantwortung von Fragen zur Verf\u00fcgung.[\/vc_column_text][vc_column_text]<\/p>\n<h3>Die neue Hausb\u00e4ckerei<\/h3>\n<p>[\/vc_column_text][\/vc_column][\/vc_row][vc_row][vc_column width=\u00a0\u00bb1\/2&Prime;][vc_column_text]Die <a href=\"https:\/\/www.aligro.ch\/de\/aktionen\/18-backerei-konditorei\">Hausb\u00e4ckerei<\/a>, die den Markt ebenfalls erg\u00e4nzt, ist ab drei Uhr morgens und w\u00e4hrend des ganzen Tages in Betrieb. Dort werden von den B\u00e4ckern Brote und Backwaren nach traditionellen Rezepten und Methoden geknetet, geformt und gebacken. Das Angebot variiert teilweise je nach Jahreszeit \u2013 auch die vielf\u00e4ltigen wohlriechenden D\u00fcfte sind deshalb auch nicht immer die gleichen. Und die Kunden mit einer Aligro-Profikundenkarte profitieren von einem permanenten Rabatt von 20 Prozent auf das gesamte Sortiment unserer B\u00e4ckerei.[\/vc_column_text][\/vc_column][vc_column width=\u00a0\u00bb1\/2&Prime;][vc_single_image image=\u00a0\u00bb34986&Prime; img_size=\u00a0\u00bb350&#215;370&Prime; alignment=\u00a0\u00bbcenter\u00a0\u00bb][\/vc_column][\/vc_row][vc_row][vc_column][vc_column_text]<\/p>\n<h3>Gr\u00f6sseres Fleischsortiment<\/h3>\n<p>Durch die umfassenden Um- und Neubauarbeiten konnte auch die Verkaufsfl\u00e4che vergr\u00f6ssert werden, sie betr\u00e4gt neu nun rund 5500 Quadratmeter, auf denen die fast 40 Mitarbeitenden des Marktes ihre umfassenden Kenntnisse einsetzen. Zudem konnte auch das angebotene Sortiment vergr\u00f6ssert werden: Die <a href=\"https:\/\/www.aligro.ch\/de\/aktionen\/14-frischfleisch\">Metzgerei<\/a> beispielsweise, die ihren ausgezeichneten Ruf der Qualit\u00e4t des angebotenen Fleisches und der grossen Auswahl an Sorten verdankt, ist als Lieferant f\u00fcr Profis in der Gastronomie sehr beliebt. Und auch hier k\u00f6nnen die Kundinnen und Kunden von der Beratung durch die Fachleute profitieren, sei es bei der Auswahl der Produkte oder bei der Art der Zubereitung. Mit der Neuer\u00f6ffnung findet man in den Regalen mehr als 700 Artikel und kann damit aus einer Vielzahl an Fleischsorten und auch an Charcuterieartikeln ausw\u00e4hlen.[\/vc_column_text][vc_column_text]<\/p>\n<h3>Die Frische ist uns wichtig.<\/h3>\n<p>[\/vc_column_text][\/vc_column][\/vc_row][vc_row][vc_column width=\u00a0\u00bb1\/2&Prime;][vc_single_image image=\u00a0\u00bb34989&Prime; img_size=\u00a0\u00bbfull\u00a0\u00bb alignment=\u00a0\u00bbcenter\u00a0\u00bb][\/vc_column][vc_column width=\u00a0\u00bb1\/2&Prime;][vc_column_text]In all unseren Lebensmittelabteilungen ist uns die Frische das h\u00f6chste Gebot. In der <a href=\"https:\/\/www.aligro.ch\/de\/aktionen\/19-fruchte-gemuse\">Fr\u00fcchte- und Gem\u00fcseabteilung<\/a>, in der sich das Angebot nach der Saison \u00e4ndert, f\u00fchrt der Markt Br\u00fcttisellen Produkte aus f\u00fcnf Kontinenten und bietet das ganze Jahr \u00fcber eine grosse Auswahl an frischen, gesunden und schmackhaften K\u00f6stlichkeiten. Die Belieferung erfolgt dabei zweimal t\u00e4glich. Neben regionalen und nationalen Fr\u00fcchte- und Gem\u00fcsesorten sind auch internationale Spezialit\u00e4ten erh\u00e4ltlich.[\/vc_column_text][\/vc_column][\/vc_row][vc_row][vc_column][vc_column_text]<\/p>\n<h3>Weinkeller mit mehr als 1000 Weinen<\/h3>\n<p>[\/vc_column_text][\/vc_column][\/vc_row][vc_row][vc_column width=\u00a0\u00bb1\/2&Prime;][vc_column_text]Eine v\u00f6llige Neugestaltung erlebte auch der <a href=\"https:\/\/www.aligro.ch\/de\/aktionen\/5-weine\">Weinkeller<\/a>, der unter Gastronomie-Profis einen guten Ruf geniesst, da sie es sch\u00e4tzen, eine grosse Auswahl an Weinen zu finden. Unser Weinkeller umfasst mehr als 1000 Weiss-, Ros\u00e9 und Rotweine sowie fast 200 Champagner und Schaumweine, die sowohl im Karton, als auch als Einzelflaschen erh\u00e4ltlich sind. Zudem f\u00fchrt der Markt ein komplettes und hochwertiges Sortiment von ungef\u00e4hr 700 <a href=\"https:\/\/www.aligro.ch\/de\/aktionen\/6-spirituosen\">Spirituosen<\/a>.[\/vc_column_text][\/vc_column][vc_column width=\u00a0\u00bb1\/2&Prime;][vc_single_image image=\u00a0\u00bb34990&Prime; img_size=\u00a0\u00bbfull\u00a0\u00bb alignment=\u00a0\u00bbcenter\u00a0\u00bb][\/vc_column][\/vc_row][vc_row][vc_column][vc_column_text]<\/p>\n<h3>Gut ger\u00fcstet f\u00fcr die Zukunft<\/h3>\n<p>Marktleiter Mirko Djeric freut sich, dass er mit seinen Mitarbeitenden nun f\u00fcr die Zukunft wieder bestens ger\u00fcstet ist und dies den vielen Kundinnen und Kunden auch zeigen kann: \u201eDer neu gestaltete Markt mit der Fischabteilung und der B\u00e4ckerei sowie der generell stark aufgewerteten Frische hat bereits jetzt vielen Kunden Freude bereitet. Und auch das im gesamten Markt erweiterte Sortiment kommt gut an\u201c, erkl\u00e4rt er freudestrahlend. Wer sich davon noch nicht selber \u00fcberzeugt hat: Willkommen im neuen Aligro in Br\u00fcttisellen.[\/vc_column_text][\/vc_column][\/vc_row]<\/p>\n<\/div>","protected":false},"excerpt":{"rendered":"<p>[vc_row][vc_column][vc_column_text]Rund eineinhalb Jahre dauerte der Umbau des Aligro-Marktes Br\u00fcttisellen, der sich nun in v\u00f6llig neuem Kleid pr\u00e4sentiert. Nachdem<a class=\"moretag\" href=\"https:\/\/www.aligro.ch\/pages\/de\/news\/aligro-bruettisellen-neu-mit-fischabteilung-und-hausbaeckerei\/\"> &#8230;<\/a><\/p>\n","protected":false},"author":7,"featured_media":34985,"comment_status":"closed","ping_status":"closed","sticky":false,"template":"","format":"standard","meta":{"_acf_changed":false,"footnotes":""},"categories":[7],"tags":[],"class_list":["post-35004","post","type-post","status-publish","format-standard","has-post-thumbnail","hentry","category-andere"],"acf":[],"yoast_head":"<!-- This site is optimized with the Yoast SEO plugin v27.4 - https:\/\/yoast.com\/product\/yoast-seo-wordpress\/ -->\n<title>Aligro Br\u00fcttisellen neu mit Fischabteilung und Hausb\u00e4ckerei<\/title>\n<meta name=\"description\" content=\"Willkommen im neuen Aligro-Markt in Br\u00fcttisellen: Eineinhalb Jahre Umbauzeit haben viele positive Spuren hinterlassen, der Markt zeigt sich nun sehr einladend, noch vielf\u00e4ltiger als vorher und auch moderner.\" \/>\n<meta name=\"robots\" content=\"index, follow, max-snippet:-1, max-image-preview:large, max-video-preview:-1\" \/>\n<link rel=\"canonical\" href=\"https:\/\/www.aligro.ch\/pages\/de\/news\/aligro-bruettisellen-neu-mit-fischabteilung-und-hausbaeckerei\/\" \/>\n<meta property=\"og:locale\" content=\"fr_FR\" \/>\n<meta property=\"og:type\" content=\"article\" \/>\n<meta property=\"og:title\" content=\"Aligro Br\u00fcttisellen neu mit Fischabteilung und Hausb\u00e4ckerei\" \/>\n<meta property=\"og:description\" content=\"Willkommen im neuen Aligro-Markt in Br\u00fcttisellen: Eineinhalb Jahre Umbauzeit haben viele positive Spuren hinterlassen, der Markt zeigt sich nun sehr einladend, noch vielf\u00e4ltiger als vorher und auch moderner.\" \/>\n<meta property=\"og:url\" content=\"https:\/\/www.aligro.ch\/pages\/de\/news\/aligro-bruettisellen-neu-mit-fischabteilung-und-hausbaeckerei\/\" \/>\n<meta property=\"og:site_name\" content=\"ALIGRO\" \/>\n<meta property=\"article:publisher\" content=\"https:\/\/fb.com\/aligrosuisse\" \/>\n<meta property=\"article:published_time\" content=\"2021-10-05T08:30:59+00:00\" \/>\n<meta property=\"article:modified_time\" content=\"2021-10-07T10:09:18+00:00\" \/>\n<meta property=\"og:image\" content=\"https:\/\/www.aligro.ch\/pages\/wp-content\/uploads\/2021\/10\/IMG_8001-2.jpg\" \/>\n\t<meta property=\"og:image:width\" content=\"1920\" \/>\n\t<meta property=\"og:image:height\" content=\"1348\" \/>\n\t<meta property=\"og:image:type\" content=\"image\/jpeg\" \/>\n<meta name=\"author\" content=\"Bryan.Dubuis\" \/>\n<meta name=\"twitter:card\" content=\"summary_large_image\" \/>\n<meta name=\"twitter:label1\" content=\"\u00c9crit par\" \/>\n\t<meta name=\"twitter:data1\" content=\"Bryan.Dubuis\" \/>\n\t<meta name=\"twitter:label2\" content=\"Dur\u00e9e de lecture estim\u00e9e\" \/>\n\t<meta name=\"twitter:data2\" content=\"3 minutes\" \/>\n<script type=\"application\/ld+json\" class=\"yoast-schema-graph\">{\"@context\":\"https:\\\/\\\/schema.org\",\"@graph\":[{\"@type\":\"Article\",\"@id\":\"https:\\\/\\\/www.aligro.ch\\\/pages\\\/de\\\/news\\\/aligro-bruettisellen-neu-mit-fischabteilung-und-hausbaeckerei\\\/#article\",\"isPartOf\":{\"@id\":\"https:\\\/\\\/www.aligro.ch\\\/pages\\\/de\\\/news\\\/aligro-bruettisellen-neu-mit-fischabteilung-und-hausbaeckerei\\\/\"},\"author\":{\"name\":\"Bryan.Dubuis\",\"@id\":\"https:\\\/\\\/www.aligro.ch\\\/pages\\\/#\\\/schema\\\/person\\\/777e796cd5f5445dc18658f0b9f9f016\"},\"headline\":\"Aligro Br\u00fcttisellen neu mit Fischabteilung und Hausb\u00e4ckerei\",\"datePublished\":\"2021-10-05T08:30:59+00:00\",\"dateModified\":\"2021-10-07T10:09:18+00:00\",\"mainEntityOfPage\":{\"@id\":\"https:\\\/\\\/www.aligro.ch\\\/pages\\\/de\\\/news\\\/aligro-bruettisellen-neu-mit-fischabteilung-und-hausbaeckerei\\\/\"},\"wordCount\":830,\"publisher\":{\"@id\":\"https:\\\/\\\/www.aligro.ch\\\/pages\\\/#organization\"},\"image\":{\"@id\":\"https:\\\/\\\/www.aligro.ch\\\/pages\\\/de\\\/news\\\/aligro-bruettisellen-neu-mit-fischabteilung-und-hausbaeckerei\\\/#primaryimage\"},\"thumbnailUrl\":\"https:\\\/\\\/www.aligro.ch\\\/pages\\\/wp-content\\\/uploads\\\/2021\\\/10\\\/IMG_8001-2.jpg\",\"articleSection\":[\"Andere\"],\"inLanguage\":\"fr-FR\"},{\"@type\":\"WebPage\",\"@id\":\"https:\\\/\\\/www.aligro.ch\\\/pages\\\/de\\\/news\\\/aligro-bruettisellen-neu-mit-fischabteilung-und-hausbaeckerei\\\/\",\"url\":\"https:\\\/\\\/www.aligro.ch\\\/pages\\\/de\\\/news\\\/aligro-bruettisellen-neu-mit-fischabteilung-und-hausbaeckerei\\\/\",\"name\":\"Aligro Br\u00fcttisellen neu mit Fischabteilung und Hausb\u00e4ckerei\",\"isPartOf\":{\"@id\":\"https:\\\/\\\/www.aligro.ch\\\/pages\\\/#website\"},\"primaryImageOfPage\":{\"@id\":\"https:\\\/\\\/www.aligro.ch\\\/pages\\\/de\\\/news\\\/aligro-bruettisellen-neu-mit-fischabteilung-und-hausbaeckerei\\\/#primaryimage\"},\"image\":{\"@id\":\"https:\\\/\\\/www.aligro.ch\\\/pages\\\/de\\\/news\\\/aligro-bruettisellen-neu-mit-fischabteilung-und-hausbaeckerei\\\/#primaryimage\"},\"thumbnailUrl\":\"https:\\\/\\\/www.aligro.ch\\\/pages\\\/wp-content\\\/uploads\\\/2021\\\/10\\\/IMG_8001-2.jpg\",\"datePublished\":\"2021-10-05T08:30:59+00:00\",\"dateModified\":\"2021-10-07T10:09:18+00:00\",\"description\":\"Willkommen im neuen Aligro-Markt in Br\u00fcttisellen: Eineinhalb Jahre Umbauzeit haben viele positive Spuren hinterlassen, der Markt zeigt sich nun sehr einladend, noch vielf\u00e4ltiger als vorher und auch moderner.\",\"breadcrumb\":{\"@id\":\"https:\\\/\\\/www.aligro.ch\\\/pages\\\/de\\\/news\\\/aligro-bruettisellen-neu-mit-fischabteilung-und-hausbaeckerei\\\/#breadcrumb\"},\"inLanguage\":\"fr-FR\",\"potentialAction\":[{\"@type\":\"ReadAction\",\"target\":[\"https:\\\/\\\/www.aligro.ch\\\/pages\\\/de\\\/news\\\/aligro-bruettisellen-neu-mit-fischabteilung-und-hausbaeckerei\\\/\"]}]},{\"@type\":\"ImageObject\",\"inLanguage\":\"fr-FR\",\"@id\":\"https:\\\/\\\/www.aligro.ch\\\/pages\\\/de\\\/news\\\/aligro-bruettisellen-neu-mit-fischabteilung-und-hausbaeckerei\\\/#primaryimage\",\"url\":\"https:\\\/\\\/www.aligro.ch\\\/pages\\\/wp-content\\\/uploads\\\/2021\\\/10\\\/IMG_8001-2.jpg\",\"contentUrl\":\"https:\\\/\\\/www.aligro.ch\\\/pages\\\/wp-content\\\/uploads\\\/2021\\\/10\\\/IMG_8001-2.jpg\",\"width\":1920,\"height\":1348},{\"@type\":\"BreadcrumbList\",\"@id\":\"https:\\\/\\\/www.aligro.ch\\\/pages\\\/de\\\/news\\\/aligro-bruettisellen-neu-mit-fischabteilung-und-hausbaeckerei\\\/#breadcrumb\",\"itemListElement\":[{\"@type\":\"ListItem\",\"position\":1,\"name\":\"Accueil\",\"item\":\"https:\\\/\\\/www.aligro.ch\\\/pages\\\/de\\\/aligro-academy\\\/\"},{\"@type\":\"ListItem\",\"position\":2,\"name\":\"Aligro Br\u00fcttisellen neu mit Fischabteilung und Hausb\u00e4ckerei\"}]},{\"@type\":\"WebSite\",\"@id\":\"https:\\\/\\\/www.aligro.ch\\\/pages\\\/#website\",\"url\":\"https:\\\/\\\/www.aligro.ch\\\/pages\\\/\",\"name\":\"ALIGRO\",\"description\":\"Fra\u00eecheur. Qualit\u00e9. Inspiration.\",\"publisher\":{\"@id\":\"https:\\\/\\\/www.aligro.ch\\\/pages\\\/#organization\"},\"potentialAction\":[{\"@type\":\"SearchAction\",\"target\":{\"@type\":\"EntryPoint\",\"urlTemplate\":\"https:\\\/\\\/www.aligro.ch\\\/pages\\\/?s={search_term_string}\"},\"query-input\":{\"@type\":\"PropertyValueSpecification\",\"valueRequired\":true,\"valueName\":\"search_term_string\"}}],\"inLanguage\":\"fr-FR\"},{\"@type\":\"Organization\",\"@id\":\"https:\\\/\\\/www.aligro.ch\\\/pages\\\/#organization\",\"name\":\"ALIGRO\",\"url\":\"https:\\\/\\\/www.aligro.ch\\\/pages\\\/\",\"logo\":{\"@type\":\"ImageObject\",\"inLanguage\":\"fr-FR\",\"@id\":\"https:\\\/\\\/www.aligro.ch\\\/pages\\\/#\\\/schema\\\/logo\\\/image\\\/\",\"url\":\"https:\\\/\\\/www.aligro.ch\\\/pages\\\/wp-content\\\/uploads\\\/2018\\\/10\\\/Logo@4x.png\",\"contentUrl\":\"https:\\\/\\\/www.aligro.ch\\\/pages\\\/wp-content\\\/uploads\\\/2018\\\/10\\\/Logo@4x.png\",\"width\":1831,\"height\":228,\"caption\":\"ALIGRO\"},\"image\":{\"@id\":\"https:\\\/\\\/www.aligro.ch\\\/pages\\\/#\\\/schema\\\/logo\\\/image\\\/\"},\"sameAs\":[\"https:\\\/\\\/fb.com\\\/aligrosuisse\"]},{\"@type\":\"Person\",\"@id\":\"https:\\\/\\\/www.aligro.ch\\\/pages\\\/#\\\/schema\\\/person\\\/777e796cd5f5445dc18658f0b9f9f016\",\"name\":\"Bryan.Dubuis\",\"image\":{\"@type\":\"ImageObject\",\"inLanguage\":\"fr-FR\",\"@id\":\"https:\\\/\\\/secure.gravatar.com\\\/avatar\\\/f25783eb6169c6f454c439b71266b12b0da0dcb30459ac01a1686f93320329e5?s=96&d=mm&r=g\",\"url\":\"https:\\\/\\\/secure.gravatar.com\\\/avatar\\\/f25783eb6169c6f454c439b71266b12b0da0dcb30459ac01a1686f93320329e5?s=96&d=mm&r=g\",\"contentUrl\":\"https:\\\/\\\/secure.gravatar.com\\\/avatar\\\/f25783eb6169c6f454c439b71266b12b0da0dcb30459ac01a1686f93320329e5?s=96&d=mm&r=g\",\"caption\":\"Bryan.Dubuis\"}}]}<\/script>\n<!-- \/ Yoast SEO plugin. -->","yoast_head_json":{"title":"Aligro Br\u00fcttisellen neu mit Fischabteilung und Hausb\u00e4ckerei","description":"Willkommen im neuen Aligro-Markt in Br\u00fcttisellen: Eineinhalb Jahre Umbauzeit haben viele positive Spuren hinterlassen, der Markt zeigt sich nun sehr einladend, noch vielf\u00e4ltiger als vorher und auch moderner.","robots":{"index":"index","follow":"follow","max-snippet":"max-snippet:-1","max-image-preview":"max-image-preview:large","max-video-preview":"max-video-preview:-1"},"canonical":"https:\/\/www.aligro.ch\/pages\/de\/news\/aligro-bruettisellen-neu-mit-fischabteilung-und-hausbaeckerei\/","og_locale":"fr_FR","og_type":"article","og_title":"Aligro Br\u00fcttisellen neu mit Fischabteilung und Hausb\u00e4ckerei","og_description":"Willkommen im neuen Aligro-Markt in Br\u00fcttisellen: Eineinhalb Jahre Umbauzeit haben viele positive Spuren hinterlassen, der Markt zeigt sich nun sehr einladend, noch vielf\u00e4ltiger als vorher und auch moderner.","og_url":"https:\/\/www.aligro.ch\/pages\/de\/news\/aligro-bruettisellen-neu-mit-fischabteilung-und-hausbaeckerei\/","og_site_name":"ALIGRO","article_publisher":"https:\/\/fb.com\/aligrosuisse","article_published_time":"2021-10-05T08:30:59+00:00","article_modified_time":"2021-10-07T10:09:18+00:00","og_image":[{"width":1920,"height":1348,"url":"https:\/\/www.aligro.ch\/pages\/wp-content\/uploads\/2021\/10\/IMG_8001-2.jpg","type":"image\/jpeg"}],"author":"Bryan.Dubuis","twitter_card":"summary_large_image","twitter_misc":{"\u00c9crit par":"Bryan.Dubuis","Dur\u00e9e de lecture estim\u00e9e":"3 minutes"},"schema":{"@context":"https:\/\/schema.org","@graph":[{"@type":"Article","@id":"https:\/\/www.aligro.ch\/pages\/de\/news\/aligro-bruettisellen-neu-mit-fischabteilung-und-hausbaeckerei\/#article","isPartOf":{"@id":"https:\/\/www.aligro.ch\/pages\/de\/news\/aligro-bruettisellen-neu-mit-fischabteilung-und-hausbaeckerei\/"},"author":{"name":"Bryan.Dubuis","@id":"https:\/\/www.aligro.ch\/pages\/#\/schema\/person\/777e796cd5f5445dc18658f0b9f9f016"},"headline":"Aligro Br\u00fcttisellen neu mit Fischabteilung und Hausb\u00e4ckerei","datePublished":"2021-10-05T08:30:59+00:00","dateModified":"2021-10-07T10:09:18+00:00","mainEntityOfPage":{"@id":"https:\/\/www.aligro.ch\/pages\/de\/news\/aligro-bruettisellen-neu-mit-fischabteilung-und-hausbaeckerei\/"},"wordCount":830,"publisher":{"@id":"https:\/\/www.aligro.ch\/pages\/#organization"},"image":{"@id":"https:\/\/www.aligro.ch\/pages\/de\/news\/aligro-bruettisellen-neu-mit-fischabteilung-und-hausbaeckerei\/#primaryimage"},"thumbnailUrl":"https:\/\/www.aligro.ch\/pages\/wp-content\/uploads\/2021\/10\/IMG_8001-2.jpg","articleSection":["Andere"],"inLanguage":"fr-FR"},{"@type":"WebPage","@id":"https:\/\/www.aligro.ch\/pages\/de\/news\/aligro-bruettisellen-neu-mit-fischabteilung-und-hausbaeckerei\/","url":"https:\/\/www.aligro.ch\/pages\/de\/news\/aligro-bruettisellen-neu-mit-fischabteilung-und-hausbaeckerei\/","name":"Aligro Br\u00fcttisellen neu mit Fischabteilung und Hausb\u00e4ckerei","isPartOf":{"@id":"https:\/\/www.aligro.ch\/pages\/#website"},"primaryImageOfPage":{"@id":"https:\/\/www.aligro.ch\/pages\/de\/news\/aligro-bruettisellen-neu-mit-fischabteilung-und-hausbaeckerei\/#primaryimage"},"image":{"@id":"https:\/\/www.aligro.ch\/pages\/de\/news\/aligro-bruettisellen-neu-mit-fischabteilung-und-hausbaeckerei\/#primaryimage"},"thumbnailUrl":"https:\/\/www.aligro.ch\/pages\/wp-content\/uploads\/2021\/10\/IMG_8001-2.jpg","datePublished":"2021-10-05T08:30:59+00:00","dateModified":"2021-10-07T10:09:18+00:00","description":"Willkommen im neuen Aligro-Markt in Br\u00fcttisellen: Eineinhalb Jahre Umbauzeit haben viele positive Spuren hinterlassen, der Markt zeigt sich nun sehr einladend, noch vielf\u00e4ltiger als vorher und auch moderner.","breadcrumb":{"@id":"https:\/\/www.aligro.ch\/pages\/de\/news\/aligro-bruettisellen-neu-mit-fischabteilung-und-hausbaeckerei\/#breadcrumb"},"inLanguage":"fr-FR","potentialAction":[{"@type":"ReadAction","target":["https:\/\/www.aligro.ch\/pages\/de\/news\/aligro-bruettisellen-neu-mit-fischabteilung-und-hausbaeckerei\/"]}]},{"@type":"ImageObject","inLanguage":"fr-FR","@id":"https:\/\/www.aligro.ch\/pages\/de\/news\/aligro-bruettisellen-neu-mit-fischabteilung-und-hausbaeckerei\/#primaryimage","url":"https:\/\/www.aligro.ch\/pages\/wp-content\/uploads\/2021\/10\/IMG_8001-2.jpg","contentUrl":"https:\/\/www.aligro.ch\/pages\/wp-content\/uploads\/2021\/10\/IMG_8001-2.jpg","width":1920,"height":1348},{"@type":"BreadcrumbList","@id":"https:\/\/www.aligro.ch\/pages\/de\/news\/aligro-bruettisellen-neu-mit-fischabteilung-und-hausbaeckerei\/#breadcrumb","itemListElement":[{"@type":"ListItem","position":1,"name":"Accueil","item":"https:\/\/www.aligro.ch\/pages\/de\/aligro-academy\/"},{"@type":"ListItem","position":2,"name":"Aligro Br\u00fcttisellen neu mit Fischabteilung und Hausb\u00e4ckerei"}]},{"@type":"WebSite","@id":"https:\/\/www.aligro.ch\/pages\/#website","url":"https:\/\/www.aligro.ch\/pages\/","name":"ALIGRO","description":"Fra\u00eecheur. Qualit\u00e9. Inspiration.","publisher":{"@id":"https:\/\/www.aligro.ch\/pages\/#organization"},"potentialAction":[{"@type":"SearchAction","target":{"@type":"EntryPoint","urlTemplate":"https:\/\/www.aligro.ch\/pages\/?s={search_term_string}"},"query-input":{"@type":"PropertyValueSpecification","valueRequired":true,"valueName":"search_term_string"}}],"inLanguage":"fr-FR"},{"@type":"Organization","@id":"https:\/\/www.aligro.ch\/pages\/#organization","name":"ALIGRO","url":"https:\/\/www.aligro.ch\/pages\/","logo":{"@type":"ImageObject","inLanguage":"fr-FR","@id":"https:\/\/www.aligro.ch\/pages\/#\/schema\/logo\/image\/","url":"https:\/\/www.aligro.ch\/pages\/wp-content\/uploads\/2018\/10\/Logo@4x.png","contentUrl":"https:\/\/www.aligro.ch\/pages\/wp-content\/uploads\/2018\/10\/Logo@4x.png","width":1831,"height":228,"caption":"ALIGRO"},"image":{"@id":"https:\/\/www.aligro.ch\/pages\/#\/schema\/logo\/image\/"},"sameAs":["https:\/\/fb.com\/aligrosuisse"]},{"@type":"Person","@id":"https:\/\/www.aligro.ch\/pages\/#\/schema\/person\/777e796cd5f5445dc18658f0b9f9f016","name":"Bryan.Dubuis","image":{"@type":"ImageObject","inLanguage":"fr-FR","@id":"https:\/\/secure.gravatar.com\/avatar\/f25783eb6169c6f454c439b71266b12b0da0dcb30459ac01a1686f93320329e5?s=96&d=mm&r=g","url":"https:\/\/secure.gravatar.com\/avatar\/f25783eb6169c6f454c439b71266b12b0da0dcb30459ac01a1686f93320329e5?s=96&d=mm&r=g","contentUrl":"https:\/\/secure.gravatar.com\/avatar\/f25783eb6169c6f454c439b71266b12b0da0dcb30459ac01a1686f93320329e5?s=96&d=mm&r=g","caption":"Bryan.Dubuis"}}]}},"_links":{"self":[{"href":"https:\/\/www.aligro.ch\/pages\/wp-json\/wp\/v2\/posts\/35004","targetHints":{"allow":["GET"]}}],"collection":[{"href":"https:\/\/www.aligro.ch\/pages\/wp-json\/wp\/v2\/posts"}],"about":[{"href":"https:\/\/www.aligro.ch\/pages\/wp-json\/wp\/v2\/types\/post"}],"author":[{"embeddable":true,"href":"https:\/\/www.aligro.ch\/pages\/wp-json\/wp\/v2\/users\/7"}],"replies":[{"embeddable":true,"href":"https:\/\/www.aligro.ch\/pages\/wp-json\/wp\/v2\/comments?post=35004"}],"version-history":[{"count":1,"href":"https:\/\/www.aligro.ch\/pages\/wp-json\/wp\/v2\/posts\/35004\/revisions"}],"predecessor-version":[{"id":35005,"href":"https:\/\/www.aligro.ch\/pages\/wp-json\/wp\/v2\/posts\/35004\/revisions\/35005"}],"wp:featuredmedia":[{"embeddable":true,"href":"https:\/\/www.aligro.ch\/pages\/wp-json\/wp\/v2\/media\/34985"}],"wp:attachment":[{"href":"https:\/\/www.aligro.ch\/pages\/wp-json\/wp\/v2\/media?parent=35004"}],"wp:term":[{"taxonomy":"category","embeddable":true,"href":"https:\/\/www.aligro.ch\/pages\/wp-json\/wp\/v2\/categories?post=35004"},{"taxonomy":"post_tag","embeddable":true,"href":"https:\/\/www.aligro.ch\/pages\/wp-json\/wp\/v2\/tags?post=35004"}],"curies":[{"name":"wp","href":"https:\/\/api.w.org\/{rel}","templated":true}]}}