{"id":27638,"date":"2022-07-07T12:00:52","date_gmt":"2022-07-07T10:00:52","guid":{"rendered":"https:\/\/www.aligro.ch\/pages\/?p=27638"},"modified":"2022-07-08T10:20:36","modified_gmt":"2022-07-08T08:20:36","slug":"der-tipp-des-monats-von-too-good-to-go-kinder-an-bord-im-kampf-gegen-lebensmittelverschwendung","status":"publish","type":"post","link":"https:\/\/www.aligro.ch\/pages\/de\/news\/der-tipp-des-monats-von-too-good-to-go-kinder-an-bord-im-kampf-gegen-lebensmittelverschwendung\/","title":{"rendered":"Der Tipp des Monats von Too Good To Go: Kinder an bord im Kampf gegen Lebensmittelverschwendung"},"content":{"rendered":"<div class=\"wpb-content-wrapper\"><p>[vc_row][vc_column][vc_column_text]ALIGRO kooperiert mit Too Good To Go zur Vermeidung von Lebensmittelverschwendung. Jeden Monat pr\u00e4sentieren wir euch einen \u201eAnti-Verschwendungs\u201c-Tipp, damit wir alle etwas f\u00fcr das Wohl des Planeten tun k\u00f6nnen.[\/vc_column_text][vc_zigzag el_width=\u00a0\u00bb30&Prime; css=\u00a0\u00bb.vc_custom_1612433203930{margin-bottom: 2em !important;}\u00a0\u00bb][vc_column_text]<\/p>\n<h2>Kinder an bord im Kampf gegen Lebensmittelverschwendung<\/h2>\n<p>Wenn wir die Lebensmittelverschwendung bek\u00e4mpfen wollen, m\u00fcssen wir die Generationen der Zukunft einbeziehen.<\/p>\n<p>Setzen wir uns mit den Kindern an den Tisch und erkl\u00e4ren ihnen, dass Lebensmittelverschwendung vielleicht nicht die effektivste L\u00f6sung ist. Deshalb geben wir Ihnen hier einige praktische Tipps, um Kinder f\u00fcr das Thema Lebensmittelverschwendung zu sensibilisieren und aufzukl\u00e4ren.<\/p>\n<h3>Mit kreativit\u00e4t f\u00fcr besseren Geschmack ausw\u00e4hlen<\/h3>\n<p>Wir alle haben ein paar Lebensmittel, die wir wirklich nicht m\u00f6gen. Wir raten Ihnen, diese drei Lebensmittel, die Sie nicht so gerne magst, zu definieren: So vermeidest du, dass Produkte serviert werden, die nicht gegessen und deshalb weggeworfen werden, und ermutigst die Kinder, w\u00e4hlerisch bei dem zu sein, was sie nicht essen wollen.<\/p>\n<p>Und wenn das nicht funktioniert, m\u00fcssen Sie vielleicht die T\u00e4uschungskarte ausspielen: zeichne einen h\u00fcbschen Wald mit Brokkoli oder ein l\u00e4chelndes Gesicht mit Tomaten und Bohnen, zum Beispiel.<\/p>\n<h3>F\u00fcr die Kleinsten, kleinere Portionen<\/h3>\n<p>Wir neigen dazu, die Teller der Kinder gut zu f\u00fcllen, aber das meiste Essen wird weggeworfen. Vielleicht k\u00f6nnen Sie damit beginnen, ihnen zuerst kleine Portionen zu geben, denn Sie k\u00f6nnen ihnen immer noch nachreichen, wenn sie fertig sind. Auf diese Weise k\u00f6nnen ihre Reste f\u00fcr eine andere Mahlzeit aufbewahrt werden, was den Zeitaufwand f\u00fcr die Zubereitung kindgerechter Mahlzeiten reduziert.<\/p>\n<h3>Baby Chef<\/h3>\n<p>Bitte die Kinder, Ihnen bei der Zubereitung des Essens zu helfen! Sie werden es mehr sch\u00e4tzen, wenn sie am Tisch sitzen und essen m\u00fcssen. Wir lieben es zu probieren, was wir selber zubereitet haben, das macht Spass! Mach ihnen Komplimente f\u00fcr ihre Hilfe und f\u00fcr das, was sie f\u00fcr die Familie gekocht haben. Vielleicht werden sie anfangen Ihnen zu sagen: \u201eIss deinen Teller auf!\u201c<\/p>\n<h3>Kindern beibringen, woher ihr Essen kommt<\/h3>\n<p>Kindern beizubringen, woher ihr Essen kommt, ist der beste Weg, Kinder zu erziehen, die es verstehen, sich gesund zu ern\u00e4hren. Nemmen Sie sie mit zu Ihrem Metzger und Gem\u00fcseh\u00e4ndler oder sogar zu einem nahegelegenen Bauernhof, damit sie sehen k\u00f6nnen, wie aufw\u00e4ndig es ist, Lebensmittel zu produzieren. Auf dem Balkon k\u00f6nnen Sie einen Gem\u00fcsegarten anlegen und sie Tomaten oder anderes Gem\u00fcse anbauen lassen: Zu sehen, wie sich ein Samen in etwas Essbares verwandelt, ist eine starke Lektion \u00fcber den Wert von Lebensmitteln.[\/vc_column_text][vc_column_text]Alle Anti-Verschwendungs-Tipps findet ihr auf <a href=\"https:\/\/toogoodtogo.ch\/de-ch\/movement\">toogoodtogo.ch\u00a0<\/a>[\/vc_column_text][vc_single_image image=\u00a0\u00bb22701&Prime; img_size=\u00a0\u00bblarge\u00a0\u00bb alignment=\u00a0\u00bbcenter\u00a0\u00bb][\/vc_column][\/vc_row]<\/p>\n<\/div>","protected":false},"excerpt":{"rendered":"<p>[vc_row][vc_column][vc_column_text]ALIGRO kooperiert mit Too Good To Go zur Vermeidung von Lebensmittelverschwendung. Jeden Monat pr\u00e4sentieren wir euch einen \u201eAnti-Verschwendungs\u201c-Tipp,<a class=\"moretag\" href=\"https:\/\/www.aligro.ch\/pages\/de\/news\/der-tipp-des-monats-von-too-good-to-go-kinder-an-bord-im-kampf-gegen-lebensmittelverschwendung\/\"> &#8230;<\/a><\/p>\n","protected":false},"author":7,"featured_media":27642,"comment_status":"closed","ping_status":"closed","sticky":false,"template":"","format":"standard","meta":{"_acf_changed":false,"footnotes":""},"categories":[7],"tags":[],"class_list":["post-27638","post","type-post","status-publish","format-standard","has-post-thumbnail","hentry","category-andere"],"acf":[],"yoast_head":"<!-- This site is optimized with the Yoast SEO plugin v27.4 - https:\/\/yoast.com\/product\/yoast-seo-wordpress\/ -->\n<title>Der Tipp des Monats von Too Good To Go: Kinder an bord im Kampf gegen Lebensmittelverschwendung<\/title>\n<meta name=\"description\" content=\"Wenn wir die Lebensmittelverschwendung bek\u00e4mpfen wollen, m\u00fcssen wir die Generationen der Zukunft einbeziehen. Wir geben dir hier einige praktische Tipps, um Kinder f\u00fcr das Thema Lebensmittelverschwendung zu sensibilisieren und aufzukl\u00e4ren.\" \/>\n<meta name=\"robots\" content=\"index, follow, max-snippet:-1, max-image-preview:large, max-video-preview:-1\" \/>\n<link rel=\"canonical\" href=\"https:\/\/www.aligro.ch\/pages\/de\/news\/der-tipp-des-monats-von-too-good-to-go-kinder-an-bord-im-kampf-gegen-lebensmittelverschwendung\/\" \/>\n<meta property=\"og:locale\" content=\"fr_FR\" \/>\n<meta property=\"og:type\" content=\"article\" \/>\n<meta property=\"og:title\" content=\"Der Tipp des Monats von Too Good To Go: Kinder an bord im Kampf gegen Lebensmittelverschwendung\" \/>\n<meta property=\"og:description\" content=\"Wenn wir die Lebensmittelverschwendung bek\u00e4mpfen wollen, m\u00fcssen wir die Generationen der Zukunft einbeziehen. Wir geben dir hier einige praktische Tipps, um Kinder f\u00fcr das Thema Lebensmittelverschwendung zu sensibilisieren und aufzukl\u00e4ren.\" \/>\n<meta property=\"og:url\" content=\"https:\/\/www.aligro.ch\/pages\/de\/news\/der-tipp-des-monats-von-too-good-to-go-kinder-an-bord-im-kampf-gegen-lebensmittelverschwendung\/\" \/>\n<meta property=\"og:site_name\" content=\"ALIGRO\" \/>\n<meta property=\"article:publisher\" content=\"https:\/\/fb.com\/aligrosuisse\" \/>\n<meta property=\"article:published_time\" content=\"2022-07-07T10:00:52+00:00\" \/>\n<meta property=\"article:modified_time\" content=\"2022-07-08T08:20:36+00:00\" \/>\n<meta property=\"og:image\" content=\"https:\/\/www.aligro.ch\/pages\/wp-content\/uploads\/2021\/08\/Facebook-1200x628-1-1.jpg\" \/>\n\t<meta property=\"og:image:width\" content=\"1200\" \/>\n\t<meta property=\"og:image:height\" content=\"628\" \/>\n\t<meta property=\"og:image:type\" content=\"image\/jpeg\" \/>\n<meta name=\"author\" content=\"Bryan.Dubuis\" \/>\n<meta name=\"twitter:card\" content=\"summary_large_image\" \/>\n<meta name=\"twitter:label1\" content=\"\u00c9crit par\" \/>\n\t<meta name=\"twitter:data1\" content=\"Bryan.Dubuis\" \/>\n\t<meta name=\"twitter:label2\" content=\"Dur\u00e9e de lecture estim\u00e9e\" \/>\n\t<meta name=\"twitter:data2\" content=\"3 minutes\" \/>\n<script type=\"application\/ld+json\" class=\"yoast-schema-graph\">{\"@context\":\"https:\\\/\\\/schema.org\",\"@graph\":[{\"@type\":\"Article\",\"@id\":\"https:\\\/\\\/www.aligro.ch\\\/pages\\\/de\\\/news\\\/der-tipp-des-monats-von-too-good-to-go-kinder-an-bord-im-kampf-gegen-lebensmittelverschwendung\\\/#article\",\"isPartOf\":{\"@id\":\"https:\\\/\\\/www.aligro.ch\\\/pages\\\/de\\\/news\\\/der-tipp-des-monats-von-too-good-to-go-kinder-an-bord-im-kampf-gegen-lebensmittelverschwendung\\\/\"},\"author\":{\"name\":\"Bryan.Dubuis\",\"@id\":\"https:\\\/\\\/www.aligro.ch\\\/pages\\\/#\\\/schema\\\/person\\\/777e796cd5f5445dc18658f0b9f9f016\"},\"headline\":\"Der Tipp des Monats von Too Good To Go: Kinder an bord im Kampf gegen Lebensmittelverschwendung\",\"datePublished\":\"2022-07-07T10:00:52+00:00\",\"dateModified\":\"2022-07-08T08:20:36+00:00\",\"mainEntityOfPage\":{\"@id\":\"https:\\\/\\\/www.aligro.ch\\\/pages\\\/de\\\/news\\\/der-tipp-des-monats-von-too-good-to-go-kinder-an-bord-im-kampf-gegen-lebensmittelverschwendung\\\/\"},\"wordCount\":497,\"publisher\":{\"@id\":\"https:\\\/\\\/www.aligro.ch\\\/pages\\\/#organization\"},\"image\":{\"@id\":\"https:\\\/\\\/www.aligro.ch\\\/pages\\\/de\\\/news\\\/der-tipp-des-monats-von-too-good-to-go-kinder-an-bord-im-kampf-gegen-lebensmittelverschwendung\\\/#primaryimage\"},\"thumbnailUrl\":\"https:\\\/\\\/www.aligro.ch\\\/pages\\\/wp-content\\\/uploads\\\/2021\\\/08\\\/Facebook-1200x628-1-1.jpg\",\"articleSection\":[\"Andere\"],\"inLanguage\":\"fr-FR\"},{\"@type\":\"WebPage\",\"@id\":\"https:\\\/\\\/www.aligro.ch\\\/pages\\\/de\\\/news\\\/der-tipp-des-monats-von-too-good-to-go-kinder-an-bord-im-kampf-gegen-lebensmittelverschwendung\\\/\",\"url\":\"https:\\\/\\\/www.aligro.ch\\\/pages\\\/de\\\/news\\\/der-tipp-des-monats-von-too-good-to-go-kinder-an-bord-im-kampf-gegen-lebensmittelverschwendung\\\/\",\"name\":\"Der Tipp des Monats von Too Good To Go: Kinder an bord im Kampf gegen Lebensmittelverschwendung\",\"isPartOf\":{\"@id\":\"https:\\\/\\\/www.aligro.ch\\\/pages\\\/#website\"},\"primaryImageOfPage\":{\"@id\":\"https:\\\/\\\/www.aligro.ch\\\/pages\\\/de\\\/news\\\/der-tipp-des-monats-von-too-good-to-go-kinder-an-bord-im-kampf-gegen-lebensmittelverschwendung\\\/#primaryimage\"},\"image\":{\"@id\":\"https:\\\/\\\/www.aligro.ch\\\/pages\\\/de\\\/news\\\/der-tipp-des-monats-von-too-good-to-go-kinder-an-bord-im-kampf-gegen-lebensmittelverschwendung\\\/#primaryimage\"},\"thumbnailUrl\":\"https:\\\/\\\/www.aligro.ch\\\/pages\\\/wp-content\\\/uploads\\\/2021\\\/08\\\/Facebook-1200x628-1-1.jpg\",\"datePublished\":\"2022-07-07T10:00:52+00:00\",\"dateModified\":\"2022-07-08T08:20:36+00:00\",\"description\":\"Wenn wir die Lebensmittelverschwendung bek\u00e4mpfen wollen, m\u00fcssen wir die Generationen der Zukunft einbeziehen. Wir geben dir hier einige praktische Tipps, um Kinder f\u00fcr das Thema Lebensmittelverschwendung zu sensibilisieren und aufzukl\u00e4ren.\",\"breadcrumb\":{\"@id\":\"https:\\\/\\\/www.aligro.ch\\\/pages\\\/de\\\/news\\\/der-tipp-des-monats-von-too-good-to-go-kinder-an-bord-im-kampf-gegen-lebensmittelverschwendung\\\/#breadcrumb\"},\"inLanguage\":\"fr-FR\",\"potentialAction\":[{\"@type\":\"ReadAction\",\"target\":[\"https:\\\/\\\/www.aligro.ch\\\/pages\\\/de\\\/news\\\/der-tipp-des-monats-von-too-good-to-go-kinder-an-bord-im-kampf-gegen-lebensmittelverschwendung\\\/\"]}]},{\"@type\":\"ImageObject\",\"inLanguage\":\"fr-FR\",\"@id\":\"https:\\\/\\\/www.aligro.ch\\\/pages\\\/de\\\/news\\\/der-tipp-des-monats-von-too-good-to-go-kinder-an-bord-im-kampf-gegen-lebensmittelverschwendung\\\/#primaryimage\",\"url\":\"https:\\\/\\\/www.aligro.ch\\\/pages\\\/wp-content\\\/uploads\\\/2021\\\/08\\\/Facebook-1200x628-1-1.jpg\",\"contentUrl\":\"https:\\\/\\\/www.aligro.ch\\\/pages\\\/wp-content\\\/uploads\\\/2021\\\/08\\\/Facebook-1200x628-1-1.jpg\",\"width\":1200,\"height\":628},{\"@type\":\"BreadcrumbList\",\"@id\":\"https:\\\/\\\/www.aligro.ch\\\/pages\\\/de\\\/news\\\/der-tipp-des-monats-von-too-good-to-go-kinder-an-bord-im-kampf-gegen-lebensmittelverschwendung\\\/#breadcrumb\",\"itemListElement\":[{\"@type\":\"ListItem\",\"position\":1,\"name\":\"Accueil\",\"item\":\"https:\\\/\\\/www.aligro.ch\\\/pages\\\/de\\\/aligro-academy\\\/\"},{\"@type\":\"ListItem\",\"position\":2,\"name\":\"Der Tipp des Monats von Too Good To Go: Kinder an bord im Kampf gegen Lebensmittelverschwendung\"}]},{\"@type\":\"WebSite\",\"@id\":\"https:\\\/\\\/www.aligro.ch\\\/pages\\\/#website\",\"url\":\"https:\\\/\\\/www.aligro.ch\\\/pages\\\/\",\"name\":\"ALIGRO\",\"description\":\"Fra\u00eecheur. Qualit\u00e9. Inspiration.\",\"publisher\":{\"@id\":\"https:\\\/\\\/www.aligro.ch\\\/pages\\\/#organization\"},\"potentialAction\":[{\"@type\":\"SearchAction\",\"target\":{\"@type\":\"EntryPoint\",\"urlTemplate\":\"https:\\\/\\\/www.aligro.ch\\\/pages\\\/?s={search_term_string}\"},\"query-input\":{\"@type\":\"PropertyValueSpecification\",\"valueRequired\":true,\"valueName\":\"search_term_string\"}}],\"inLanguage\":\"fr-FR\"},{\"@type\":\"Organization\",\"@id\":\"https:\\\/\\\/www.aligro.ch\\\/pages\\\/#organization\",\"name\":\"ALIGRO\",\"url\":\"https:\\\/\\\/www.aligro.ch\\\/pages\\\/\",\"logo\":{\"@type\":\"ImageObject\",\"inLanguage\":\"fr-FR\",\"@id\":\"https:\\\/\\\/www.aligro.ch\\\/pages\\\/#\\\/schema\\\/logo\\\/image\\\/\",\"url\":\"https:\\\/\\\/www.aligro.ch\\\/pages\\\/wp-content\\\/uploads\\\/2018\\\/10\\\/Logo@4x.png\",\"contentUrl\":\"https:\\\/\\\/www.aligro.ch\\\/pages\\\/wp-content\\\/uploads\\\/2018\\\/10\\\/Logo@4x.png\",\"width\":1831,\"height\":228,\"caption\":\"ALIGRO\"},\"image\":{\"@id\":\"https:\\\/\\\/www.aligro.ch\\\/pages\\\/#\\\/schema\\\/logo\\\/image\\\/\"},\"sameAs\":[\"https:\\\/\\\/fb.com\\\/aligrosuisse\"]},{\"@type\":\"Person\",\"@id\":\"https:\\\/\\\/www.aligro.ch\\\/pages\\\/#\\\/schema\\\/person\\\/777e796cd5f5445dc18658f0b9f9f016\",\"name\":\"Bryan.Dubuis\",\"image\":{\"@type\":\"ImageObject\",\"inLanguage\":\"fr-FR\",\"@id\":\"https:\\\/\\\/secure.gravatar.com\\\/avatar\\\/f25783eb6169c6f454c439b71266b12b0da0dcb30459ac01a1686f93320329e5?s=96&d=mm&r=g\",\"url\":\"https:\\\/\\\/secure.gravatar.com\\\/avatar\\\/f25783eb6169c6f454c439b71266b12b0da0dcb30459ac01a1686f93320329e5?s=96&d=mm&r=g\",\"contentUrl\":\"https:\\\/\\\/secure.gravatar.com\\\/avatar\\\/f25783eb6169c6f454c439b71266b12b0da0dcb30459ac01a1686f93320329e5?s=96&d=mm&r=g\",\"caption\":\"Bryan.Dubuis\"}}]}<\/script>\n<!-- \/ Yoast SEO plugin. -->","yoast_head_json":{"title":"Der Tipp des Monats von Too Good To Go: Kinder an bord im Kampf gegen Lebensmittelverschwendung","description":"Wenn wir die Lebensmittelverschwendung bek\u00e4mpfen wollen, m\u00fcssen wir die Generationen der Zukunft einbeziehen. Wir geben dir hier einige praktische Tipps, um Kinder f\u00fcr das Thema Lebensmittelverschwendung zu sensibilisieren und aufzukl\u00e4ren.","robots":{"index":"index","follow":"follow","max-snippet":"max-snippet:-1","max-image-preview":"max-image-preview:large","max-video-preview":"max-video-preview:-1"},"canonical":"https:\/\/www.aligro.ch\/pages\/de\/news\/der-tipp-des-monats-von-too-good-to-go-kinder-an-bord-im-kampf-gegen-lebensmittelverschwendung\/","og_locale":"fr_FR","og_type":"article","og_title":"Der Tipp des Monats von Too Good To Go: Kinder an bord im Kampf gegen Lebensmittelverschwendung","og_description":"Wenn wir die Lebensmittelverschwendung bek\u00e4mpfen wollen, m\u00fcssen wir die Generationen der Zukunft einbeziehen. Wir geben dir hier einige praktische Tipps, um Kinder f\u00fcr das Thema Lebensmittelverschwendung zu sensibilisieren und aufzukl\u00e4ren.","og_url":"https:\/\/www.aligro.ch\/pages\/de\/news\/der-tipp-des-monats-von-too-good-to-go-kinder-an-bord-im-kampf-gegen-lebensmittelverschwendung\/","og_site_name":"ALIGRO","article_publisher":"https:\/\/fb.com\/aligrosuisse","article_published_time":"2022-07-07T10:00:52+00:00","article_modified_time":"2022-07-08T08:20:36+00:00","og_image":[{"width":1200,"height":628,"url":"https:\/\/www.aligro.ch\/pages\/wp-content\/uploads\/2021\/08\/Facebook-1200x628-1-1.jpg","type":"image\/jpeg"}],"author":"Bryan.Dubuis","twitter_card":"summary_large_image","twitter_misc":{"\u00c9crit par":"Bryan.Dubuis","Dur\u00e9e de lecture estim\u00e9e":"3 minutes"},"schema":{"@context":"https:\/\/schema.org","@graph":[{"@type":"Article","@id":"https:\/\/www.aligro.ch\/pages\/de\/news\/der-tipp-des-monats-von-too-good-to-go-kinder-an-bord-im-kampf-gegen-lebensmittelverschwendung\/#article","isPartOf":{"@id":"https:\/\/www.aligro.ch\/pages\/de\/news\/der-tipp-des-monats-von-too-good-to-go-kinder-an-bord-im-kampf-gegen-lebensmittelverschwendung\/"},"author":{"name":"Bryan.Dubuis","@id":"https:\/\/www.aligro.ch\/pages\/#\/schema\/person\/777e796cd5f5445dc18658f0b9f9f016"},"headline":"Der Tipp des Monats von Too Good To Go: Kinder an bord im Kampf gegen Lebensmittelverschwendung","datePublished":"2022-07-07T10:00:52+00:00","dateModified":"2022-07-08T08:20:36+00:00","mainEntityOfPage":{"@id":"https:\/\/www.aligro.ch\/pages\/de\/news\/der-tipp-des-monats-von-too-good-to-go-kinder-an-bord-im-kampf-gegen-lebensmittelverschwendung\/"},"wordCount":497,"publisher":{"@id":"https:\/\/www.aligro.ch\/pages\/#organization"},"image":{"@id":"https:\/\/www.aligro.ch\/pages\/de\/news\/der-tipp-des-monats-von-too-good-to-go-kinder-an-bord-im-kampf-gegen-lebensmittelverschwendung\/#primaryimage"},"thumbnailUrl":"https:\/\/www.aligro.ch\/pages\/wp-content\/uploads\/2021\/08\/Facebook-1200x628-1-1.jpg","articleSection":["Andere"],"inLanguage":"fr-FR"},{"@type":"WebPage","@id":"https:\/\/www.aligro.ch\/pages\/de\/news\/der-tipp-des-monats-von-too-good-to-go-kinder-an-bord-im-kampf-gegen-lebensmittelverschwendung\/","url":"https:\/\/www.aligro.ch\/pages\/de\/news\/der-tipp-des-monats-von-too-good-to-go-kinder-an-bord-im-kampf-gegen-lebensmittelverschwendung\/","name":"Der Tipp des Monats von Too Good To Go: Kinder an bord im Kampf gegen Lebensmittelverschwendung","isPartOf":{"@id":"https:\/\/www.aligro.ch\/pages\/#website"},"primaryImageOfPage":{"@id":"https:\/\/www.aligro.ch\/pages\/de\/news\/der-tipp-des-monats-von-too-good-to-go-kinder-an-bord-im-kampf-gegen-lebensmittelverschwendung\/#primaryimage"},"image":{"@id":"https:\/\/www.aligro.ch\/pages\/de\/news\/der-tipp-des-monats-von-too-good-to-go-kinder-an-bord-im-kampf-gegen-lebensmittelverschwendung\/#primaryimage"},"thumbnailUrl":"https:\/\/www.aligro.ch\/pages\/wp-content\/uploads\/2021\/08\/Facebook-1200x628-1-1.jpg","datePublished":"2022-07-07T10:00:52+00:00","dateModified":"2022-07-08T08:20:36+00:00","description":"Wenn wir die Lebensmittelverschwendung bek\u00e4mpfen wollen, m\u00fcssen wir die Generationen der Zukunft einbeziehen. Wir geben dir hier einige praktische Tipps, um Kinder f\u00fcr das Thema Lebensmittelverschwendung zu sensibilisieren und aufzukl\u00e4ren.","breadcrumb":{"@id":"https:\/\/www.aligro.ch\/pages\/de\/news\/der-tipp-des-monats-von-too-good-to-go-kinder-an-bord-im-kampf-gegen-lebensmittelverschwendung\/#breadcrumb"},"inLanguage":"fr-FR","potentialAction":[{"@type":"ReadAction","target":["https:\/\/www.aligro.ch\/pages\/de\/news\/der-tipp-des-monats-von-too-good-to-go-kinder-an-bord-im-kampf-gegen-lebensmittelverschwendung\/"]}]},{"@type":"ImageObject","inLanguage":"fr-FR","@id":"https:\/\/www.aligro.ch\/pages\/de\/news\/der-tipp-des-monats-von-too-good-to-go-kinder-an-bord-im-kampf-gegen-lebensmittelverschwendung\/#primaryimage","url":"https:\/\/www.aligro.ch\/pages\/wp-content\/uploads\/2021\/08\/Facebook-1200x628-1-1.jpg","contentUrl":"https:\/\/www.aligro.ch\/pages\/wp-content\/uploads\/2021\/08\/Facebook-1200x628-1-1.jpg","width":1200,"height":628},{"@type":"BreadcrumbList","@id":"https:\/\/www.aligro.ch\/pages\/de\/news\/der-tipp-des-monats-von-too-good-to-go-kinder-an-bord-im-kampf-gegen-lebensmittelverschwendung\/#breadcrumb","itemListElement":[{"@type":"ListItem","position":1,"name":"Accueil","item":"https:\/\/www.aligro.ch\/pages\/de\/aligro-academy\/"},{"@type":"ListItem","position":2,"name":"Der Tipp des Monats von Too Good To Go: Kinder an bord im Kampf gegen Lebensmittelverschwendung"}]},{"@type":"WebSite","@id":"https:\/\/www.aligro.ch\/pages\/#website","url":"https:\/\/www.aligro.ch\/pages\/","name":"ALIGRO","description":"Fra\u00eecheur. Qualit\u00e9. Inspiration.","publisher":{"@id":"https:\/\/www.aligro.ch\/pages\/#organization"},"potentialAction":[{"@type":"SearchAction","target":{"@type":"EntryPoint","urlTemplate":"https:\/\/www.aligro.ch\/pages\/?s={search_term_string}"},"query-input":{"@type":"PropertyValueSpecification","valueRequired":true,"valueName":"search_term_string"}}],"inLanguage":"fr-FR"},{"@type":"Organization","@id":"https:\/\/www.aligro.ch\/pages\/#organization","name":"ALIGRO","url":"https:\/\/www.aligro.ch\/pages\/","logo":{"@type":"ImageObject","inLanguage":"fr-FR","@id":"https:\/\/www.aligro.ch\/pages\/#\/schema\/logo\/image\/","url":"https:\/\/www.aligro.ch\/pages\/wp-content\/uploads\/2018\/10\/Logo@4x.png","contentUrl":"https:\/\/www.aligro.ch\/pages\/wp-content\/uploads\/2018\/10\/Logo@4x.png","width":1831,"height":228,"caption":"ALIGRO"},"image":{"@id":"https:\/\/www.aligro.ch\/pages\/#\/schema\/logo\/image\/"},"sameAs":["https:\/\/fb.com\/aligrosuisse"]},{"@type":"Person","@id":"https:\/\/www.aligro.ch\/pages\/#\/schema\/person\/777e796cd5f5445dc18658f0b9f9f016","name":"Bryan.Dubuis","image":{"@type":"ImageObject","inLanguage":"fr-FR","@id":"https:\/\/secure.gravatar.com\/avatar\/f25783eb6169c6f454c439b71266b12b0da0dcb30459ac01a1686f93320329e5?s=96&d=mm&r=g","url":"https:\/\/secure.gravatar.com\/avatar\/f25783eb6169c6f454c439b71266b12b0da0dcb30459ac01a1686f93320329e5?s=96&d=mm&r=g","contentUrl":"https:\/\/secure.gravatar.com\/avatar\/f25783eb6169c6f454c439b71266b12b0da0dcb30459ac01a1686f93320329e5?s=96&d=mm&r=g","caption":"Bryan.Dubuis"}}]}},"_links":{"self":[{"href":"https:\/\/www.aligro.ch\/pages\/wp-json\/wp\/v2\/posts\/27638","targetHints":{"allow":["GET"]}}],"collection":[{"href":"https:\/\/www.aligro.ch\/pages\/wp-json\/wp\/v2\/posts"}],"about":[{"href":"https:\/\/www.aligro.ch\/pages\/wp-json\/wp\/v2\/types\/post"}],"author":[{"embeddable":true,"href":"https:\/\/www.aligro.ch\/pages\/wp-json\/wp\/v2\/users\/7"}],"replies":[{"embeddable":true,"href":"https:\/\/www.aligro.ch\/pages\/wp-json\/wp\/v2\/comments?post=27638"}],"version-history":[{"count":5,"href":"https:\/\/www.aligro.ch\/pages\/wp-json\/wp\/v2\/posts\/27638\/revisions"}],"predecessor-version":[{"id":40555,"href":"https:\/\/www.aligro.ch\/pages\/wp-json\/wp\/v2\/posts\/27638\/revisions\/40555"}],"wp:featuredmedia":[{"embeddable":true,"href":"https:\/\/www.aligro.ch\/pages\/wp-json\/wp\/v2\/media\/27642"}],"wp:attachment":[{"href":"https:\/\/www.aligro.ch\/pages\/wp-json\/wp\/v2\/media?parent=27638"}],"wp:term":[{"taxonomy":"category","embeddable":true,"href":"https:\/\/www.aligro.ch\/pages\/wp-json\/wp\/v2\/categories?post=27638"},{"taxonomy":"post_tag","embeddable":true,"href":"https:\/\/www.aligro.ch\/pages\/wp-json\/wp\/v2\/tags?post=27638"}],"curies":[{"name":"wp","href":"https:\/\/api.w.org\/{rel}","templated":true}]}}